{"id":118737,"date":"2025-04-21T17:53:17","date_gmt":"2025-04-21T20:53:17","guid":{"rendered":"https:\/\/blogdoedvaldomagalhaes.com.br\/?p=118737"},"modified":"2025-04-21T18:05:09","modified_gmt":"2025-04-21T21:05:09","slug":"uma-morte-apos-colisao-frontal-na-br-232","status":"publish","type":"post","link":"https:\/\/blogdoedvaldomagalhaes.com.br\/index.php\/2025\/04\/21\/uma-morte-apos-colisao-frontal-na-br-232\/","title":{"rendered":"Uma morte, ap\u00f3s colis\u00e3o frontal na BR 232"},"content":{"rendered":"<p>O sinistro de tr\u00e2nsito ocorreu por volta das 22h, do domingo (20.03), no km 189 da BR 232, em Sanhar\u00f3.<\/p>\n<p>Foi uma colis\u00e3o frontal entre um caminh\u00e3o e uma motocicleta. A PRF suspeita que a moto entrou na contram\u00e3o da rodovia. O condutor da moto faleceu no local.<\/p>\n<p>O motorista do caminh\u00e3o n\u00e3o ficou ferido. Ele realizou o teste do baf\u00f4metro e o resultado foi normal.<\/p>\n<p>O IC e IML estiveram no local. A Pol\u00edcia Civil vai investigar o caso.<br \/>\nSiga o Instagram do Blog pelo @blogdoedvaldomagalhaes<\/p>\n<p><img loading=\"lazy\" decoding=\"async\" src=\"https:\/\/blogdoedvaldomagalhaes.com.br\/wp-content\/uploads\/2025\/04\/img-20250421-wa00363899628959358037772.jpg\" class=\"wp-image-118740 alignnone size-full\" width=\"1107\" height=\"669\" srcset=\"https:\/\/blogdoedvaldomagalhaes.com.br\/wp-content\/uploads\/2025\/04\/img-20250421-wa00363899628959358037772.jpg 1107w, https:\/\/blogdoedvaldomagalhaes.com.br\/wp-content\/uploads\/2025\/04\/img-20250421-wa00363899628959358037772-300x181.jpg 300w, https:\/\/blogdoedvaldomagalhaes.com.br\/wp-content\/uploads\/2025\/04\/img-20250421-wa00363899628959358037772-1024x619.jpg 1024w, https:\/\/blogdoedvaldomagalhaes.com.br\/wp-content\/uploads\/2025\/04\/img-20250421-wa00363899628959358037772-768x464.jpg 768w\" sizes=\"auto, (max-width: 1107px) 100vw, 1107px\" \/><\/p>\n<p>Fotos: Divulga\u00e7\u00e3o\/PRF<\/p>\n","protected":false},"excerpt":{"rendered":"<p>O sinistro de tr\u00e2nsito ocorreu por volta das 22h, do domingo (20.03), no km 189 da BR 232, em Sanhar\u00f3.&hellip;<\/p>\n","protected":false},"author":1,"featured_media":118738,"comment_status":"closed","ping_status":"open","sticky":false,"template":"","format":"standard","meta":{"footnotes":""},"categories":[14120],"tags":[14276,30592,27410,13146,28801,22045,30295,33333],"class_list":["post-118737","post","type-post","status-publish","format-standard","has-post-thumbnail","hentry","category-noticias","tag-acidente","tag-blog-com-mais-seguidores","tag-blog-de-caruaru","tag-blog-edvaldo-magalhaes","tag-blog-mais-acessado","tag-colisao","tag-sinistro","tag-uma-morte-apos-colisao-frontal-na-br-232"],"_links":{"self":[{"href":"https:\/\/blogdoedvaldomagalhaes.com.br\/index.php\/wp-json\/wp\/v2\/posts\/118737","targetHints":{"allow":["GET"]}}],"collection":[{"href":"https:\/\/blogdoedvaldomagalhaes.com.br\/index.php\/wp-json\/wp\/v2\/posts"}],"about":[{"href":"https:\/\/blogdoedvaldomagalhaes.com.br\/index.php\/wp-json\/wp\/v2\/types\/post"}],"author":[{"embeddable":true,"href":"https:\/\/blogdoedvaldomagalhaes.com.br\/index.php\/wp-json\/wp\/v2\/users\/1"}],"replies":[{"embeddable":true,"href":"https:\/\/blogdoedvaldomagalhaes.com.br\/index.php\/wp-json\/wp\/v2\/comments?post=118737"}],"version-history":[{"count":2,"href":"https:\/\/blogdoedvaldomagalhaes.com.br\/index.php\/wp-json\/wp\/v2\/posts\/118737\/revisions"}],"predecessor-version":[{"id":118741,"href":"https:\/\/blogdoedvaldomagalhaes.com.br\/index.php\/wp-json\/wp\/v2\/posts\/118737\/revisions\/118741"}],"wp:featuredmedia":[{"embeddable":true,"href":"https:\/\/blogdoedvaldomagalhaes.com.br\/index.php\/wp-json\/wp\/v2\/media\/118738"}],"wp:attachment":[{"href":"https:\/\/blogdoedvaldomagalhaes.com.br\/index.php\/wp-json\/wp\/v2\/media?parent=118737"}],"wp:term":[{"taxonomy":"category","embeddable":true,"href":"https:\/\/blogdoedvaldomagalhaes.com.br\/index.php\/wp-json\/wp\/v2\/categories?post=118737"},{"taxonomy":"post_tag","embeddable":true,"href":"https:\/\/blogdoedvaldomagalhaes.com.br\/index.php\/wp-json\/wp\/v2\/tags?post=118737"}],"curies":[{"name":"wp","href":"https:\/\/api.w.org\/{rel}","templated":true}]}}