{"id":118627,"date":"2025-04-17T09:25:48","date_gmt":"2025-04-17T12:25:48","guid":{"rendered":"https:\/\/blogdoedvaldomagalhaes.com.br\/?p=118627"},"modified":"2025-04-17T18:30:44","modified_gmt":"2025-04-17T21:30:44","slug":"prf-realiza-operacao-semana-santa-em-pernambuco","status":"publish","type":"post","link":"https:\/\/blogdoedvaldomagalhaes.com.br\/index.php\/2025\/04\/17\/prf-realiza-operacao-semana-santa-em-pernambuco\/","title":{"rendered":"PRF realiza Opera\u00e7\u00e3o Semana Santa em Pernambuco"},"content":{"rendered":"<p>Com a expectativa de aumento na movimenta\u00e7\u00e3o de ve\u00edculos nas rodovias federais devido a mais um feriado prolongado, a Pol\u00edcia Rodovi\u00e1ria Federal (PRF) inicia, na quinta-feira (17), a Opera\u00e7\u00e3o Semana Santa em Pernambuco. A iniciativa segue at\u00e9 o final da segunda-feira (21), para refor\u00e7ar a seguran\u00e7a e garantir  mobilidade nos principais acessos ao interior e ao litoral do estado.<\/p>\n<p>Este ano, os feriados da sexta-feira da Paix\u00e3o e de Tiradentes devem atrair milhares de fam\u00edlias principalmente ao Agreste de Pernambuco e \u00e0s praias do Litoral Norte e Sul do estado. As BRs 232 e 104, que levam a Gravat\u00e1 e Caruaru, e a BR 101 que d\u00e1 acesso \u00e0 Porto de Galinhas, Tamandar\u00e9 e Itamarac\u00e1  tendem a registrar um fluxo maior de ve\u00edculos nesse per\u00edodo.<\/p>\n<p>A fiscaliza\u00e7\u00e3o da PRF busca coibir comportamentos que colocam em risco a seguran\u00e7a do tr\u00e2nsito, como o excesso de velocidade, as ultrapassagens indevidas e a embriaguez ao volante. Durante as abordagens, ser\u00e3o verificados a  documenta\u00e7\u00e3o pessoal e do ve\u00edculo, se todos utilizam o cinto de seguran\u00e7a e se o motorista est\u00e1 em condi\u00e7\u00f5es de dirigir.<\/p>\n<p>Comandos educativos tamb\u00e9m ser\u00e3o intensificadas durante o feriado, para alertar condutores, passageiros e pedestres sobre cuidados que preservam vidas. As a\u00e7\u00f5es contam com o apoio de policiais de Bras\u00edlia, Rond\u00f4nia e Rio Grande do Sul.<\/p>\n<p>J\u00e1 as atividades de combate ao crime contam com a participa\u00e7\u00e3o de grupos especializados para prevenir assaltos, porte ilegal de arma, recepta\u00e7\u00e3o, tr\u00e1fico de drogas e outras pr\u00e1ticas.<\/p>\n<p>Recomenda\u00e7\u00f5es:<br \/>\nVerifique a validade da documenta\u00e7\u00e3o e os principais itens do ve\u00edculo: pneus, freios, sistema de ilumina\u00e7\u00e3o, \u00f3leo e combust\u00edvel;<br \/>\nUtilize o cinto de seguran\u00e7a e os equipamentos para transporte de crian\u00e7as (beb\u00ea-conforto, cadeirinha e assento de eleva\u00e7\u00e3o);<br \/>\nS\u00f3 ultrapasse em locais permitidos e com seguran\u00e7a;<br \/>\nRespeite os limites de velocidade de cada trecho;<br \/>\nJamais misture bebida e dire\u00e7\u00e3o;<br \/>\nEm caso de emerg\u00eancia em rodovia federal, ligue 191.<br \/>\nSeja seguidor do Instagram do Blog pelo @blogdoedvaldomagalhaes<br \/>\nFoto: Divulga\u00e7\u00e3o\/PRF<\/p>\n","protected":false},"excerpt":{"rendered":"<p>Com a expectativa de aumento na movimenta\u00e7\u00e3o de ve\u00edculos nas rodovias federais devido a mais um feriado prolongado, a Pol\u00edcia&hellip;<\/p>\n","protected":false},"author":1,"featured_media":118628,"comment_status":"closed","ping_status":"open","sticky":false,"template":"","format":"standard","meta":{"footnotes":""},"categories":[14121],"tags":[28803,27410,2,28801,30102],"class_list":["post-118627","post","type-post","status-publish","format-standard","has-post-thumbnail","hentry","category-policial","tag-blog-com-mais-visualizacoes","tag-blog-de-caruaru","tag-blog-do-edvaldo-magalhaes","tag-blog-mais-acessado","tag-prf-realiza-operacao-semana-santa-em-pernambuco"],"_links":{"self":[{"href":"https:\/\/blogdoedvaldomagalhaes.com.br\/index.php\/wp-json\/wp\/v2\/posts\/118627","targetHints":{"allow":["GET"]}}],"collection":[{"href":"https:\/\/blogdoedvaldomagalhaes.com.br\/index.php\/wp-json\/wp\/v2\/posts"}],"about":[{"href":"https:\/\/blogdoedvaldomagalhaes.com.br\/index.php\/wp-json\/wp\/v2\/types\/post"}],"author":[{"embeddable":true,"href":"https:\/\/blogdoedvaldomagalhaes.com.br\/index.php\/wp-json\/wp\/v2\/users\/1"}],"replies":[{"embeddable":true,"href":"https:\/\/blogdoedvaldomagalhaes.com.br\/index.php\/wp-json\/wp\/v2\/comments?post=118627"}],"version-history":[{"count":1,"href":"https:\/\/blogdoedvaldomagalhaes.com.br\/index.php\/wp-json\/wp\/v2\/posts\/118627\/revisions"}],"predecessor-version":[{"id":118629,"href":"https:\/\/blogdoedvaldomagalhaes.com.br\/index.php\/wp-json\/wp\/v2\/posts\/118627\/revisions\/118629"}],"wp:featuredmedia":[{"embeddable":true,"href":"https:\/\/blogdoedvaldomagalhaes.com.br\/index.php\/wp-json\/wp\/v2\/media\/118628"}],"wp:attachment":[{"href":"https:\/\/blogdoedvaldomagalhaes.com.br\/index.php\/wp-json\/wp\/v2\/media?parent=118627"}],"wp:term":[{"taxonomy":"category","embeddable":true,"href":"https:\/\/blogdoedvaldomagalhaes.com.br\/index.php\/wp-json\/wp\/v2\/categories?post=118627"},{"taxonomy":"post_tag","embeddable":true,"href":"https:\/\/blogdoedvaldomagalhaes.com.br\/index.php\/wp-json\/wp\/v2\/tags?post=118627"}],"curies":[{"name":"wp","href":"https:\/\/api.w.org\/{rel}","templated":true}]}}