{"id":118468,"date":"2025-04-10T19:50:57","date_gmt":"2025-04-10T22:50:57","guid":{"rendered":"https:\/\/blogdoedvaldomagalhaes.com.br\/?p=118468"},"modified":"2025-04-10T19:52:21","modified_gmt":"2025-04-10T22:52:21","slug":"governo-de-pernambuco-lanca-programa-terra-plantar-com-mais-de-r-200-milhoes-para-a-agricultura-familiar","status":"publish","type":"post","link":"https:\/\/blogdoedvaldomagalhaes.com.br\/index.php\/2025\/04\/10\/governo-de-pernambuco-lanca-programa-terra-plantar-com-mais-de-r-200-milhoes-para-a-agricultura-familiar\/","title":{"rendered":"Governo de Pernambuco lan\u00e7a Programa Terra Plantar com mais de R$ 200 milh\u00f5es para a agricultura familiar"},"content":{"rendered":"<p><span style=\"font-size: revert;\">_Iniciativa investir\u00e1 em entrega de m\u00e1quinas, constru\u00e7\u00e3o de barragens e distribui\u00e7\u00e3o de sementes em todo o Estado_<\/span><\/p>\n<p>Fortalecendo a agricultura familiar em todas as regi\u00f5es do Estado, a governadora Raquel Lyra lan\u00e7ou, nesta quinta-feira (10), em Caruaru, no Agreste Central, o Programa Terra Plantar. A iniciativa re\u00fane um pacote de a\u00e7\u00f5es coordenadas pelo Instituto Agron\u00f4mico de Pernambuco (IPA), com o investimento de R$ 200 milh\u00f5es. Durante a cerim\u00f4nia, a gestora assinou a ordem de servi\u00e7o de 15 barragens de pequeno porte, 500 aguadas e 150 barragens subterr\u00e2neas, com um investimento de mais de R$ 17 milh\u00f5es. Tamb\u00e9m foram autorizados os servi\u00e7os de perfura\u00e7\u00e3o e instala\u00e7\u00e3o de po\u00e7os, com um investimento de R$ 41 milh\u00f5es para atender a 35 munic\u00edpios do Sert\u00e3o, Agreste e Zona da Mata.<\/p>\n<p>\u201cS\u00e3o R$ 200 milh\u00f5es em investimentos, com distribui\u00e7\u00e3o de sementes no tempo certo e entrega de maquin\u00e1rio. Al\u00e9m disso, investimos em estradas rurais, barragens, instala\u00e7\u00e3o de po\u00e7os e tamb\u00e9m no fortalecimento do Programa Estadual de Aquisi\u00e7\u00e3o de Alimentos da Agricultura Familiar. Tudo isso feito em parceria com as prefeituras, associa\u00e7\u00f5es, Secretaria de Desenvolvimento Agr\u00e1rio, IPA e Prorural. Estamos trabalhando para cuidar do agricultor e agricultora para garantir ainda mais comida na mesa do povo pernambucano\u201d, destacou a governadora Raquel Lyra.<\/p>\n<p>O Terra Plantar tem o objetivo de ajudar centenas de fam\u00edlias em todas as regi\u00f5es do Estado e garantir mais renda e seguran\u00e7a alimentar para todos. \u201cS\u00e3o investimentos como esses, de fazer entregas na ponta, destravar processos, conseguir recursos, que colocam Pernambuco como o maior produtor de ovos do Nordeste, maior produtor de leite da regi\u00e3o e o maior exportador de frutas do Brasil. Ent\u00e3o, o programa chega para fortalecer ainda mais nossa economia\u201d, pontuou o secret\u00e1rio de Desenvolvimento Agr\u00e1rio, Agricultura, Pecu\u00e1ria e Pesca, C\u00edcero Moraes.<\/p>\n<p>Entre as iniciativas realizadas, est\u00e1 a distribui\u00e7\u00e3o de 625 maquin\u00e1rios para comunidades e associa\u00e7\u00f5es (tais como tratores, motocultivadores e ensiladeiras). O programa tamb\u00e9m assegura a amplia\u00e7\u00e3o de distribui\u00e7\u00e3o de sementes de feij\u00e3o, milho e sorgo no Sert\u00e3o, Agreste, Zona da Mata e Regi\u00e3o Metropolitana. S\u00f3 essas duas a\u00e7\u00f5es somam mais de R$ 56 milh\u00f5es em investimentos.<\/p>\n<p>O Terra Plantar amplia a frota de ve\u00edculos do IPA, com a incorpora\u00e7\u00e3o de 30 novos carros, aumentando a capacidade de atendimento das equipes de extens\u00e3o rural e pesquisa do \u00f3rg\u00e3o. \u201c\u00c9 o maior programa de agricultura da hist\u00f3ria do nosso Estado. Vamos alcan\u00e7ar Pernambuco inteiro, com mais de 200 mil fam\u00edlias impactadas positivamente, e isso se mostra muito pelo or\u00e7amento que est\u00e1 sendo aplicado. Contamos com um or\u00e7amento cinco vezes maior e com estradas vicinais, perfura\u00e7\u00e3o de po\u00e7os, constru\u00e7\u00e3o de barreiros, doa\u00e7\u00e3o de sementes e ara\u00e7\u00e3o de terra iremos melhorar a vida do povo do campo\u201d, afirmou o presidente do IPA, Miguel Duque.<\/p>\n<p>Presente no evento, o deputado estadual Jo\u00e3ozinho Ten\u00f3rio enfatizou a relev\u00e2ncia dos investimentos trazidos com o programa. \u201cS\u00e3o a\u00e7\u00f5es como essas que v\u00eam melhorar a vida dos pernambucanos\u201d, disse. J\u00e1 a deputada estadual Rosa Amorim destacou como a iniciativa trar\u00e1 mais desenvolvimento para as comunidades rurais. \u201cN\u00e3o \u00e9 s\u00f3 um programa, \u00e9 uma pol\u00edtica p\u00fablica que tem como princ\u00edpio transformar a vida de quem vive no campo\u201d, refor\u00e7ou.<\/p>\n<p>O prefeito de Caruaru, Rodrigo Pinheiro, ressaltou a import\u00e2ncia da parceria com o governo estadual. \u201cO Terra Plantar \u00e9 um exemplo do trabalho sustent\u00e1vel para que cada vez mais sejam produzidos alimentos para abastecer a mesa dos caruaruenses. O IPA agora est\u00e1 estruturado, prestando servi\u00e7o para gerar mais emprego e renda aos agricultores da nossa cidade e de todo o Estado\u201d, enfatizou.<\/p>\n<p>*AGRICULTURA FAMILIAR -* O programa tamb\u00e9m refor\u00e7a o papel estrat\u00e9gico da agricultura familiar, que responde por mais de 70% dos alimentos produzidos no Estado. Para o agricultor Ant\u00f4nio Manuel, o apoio do IPA \u00e9 indispens\u00e1vel para os pequenos agricultores. \u201cO IPA vem fornecendo a semente no plantio, auxiliando com t\u00e9cnicos do agropecu\u00e1rio para as \u00e1reas menos favorecidas, nos fortalecendo com os insumos e nos orientando bastante\u201d, contou.<\/p>\n<p>Entre os investimentos anunciados, est\u00e1 o refor\u00e7o do Programa de Aquisi\u00e7\u00e3o de Alimentos (PAA), que receber\u00e1 R$ 16 milh\u00f5es em recursos e ser\u00e1 ampliado com a cria\u00e7\u00e3o de uma nova modalidade, o PAA Ind\u00edgena, ap\u00f3s a bem-sucedida implementa\u00e7\u00e3o do PAA Quilombola.<br \/>\nSiga o Instagram do Blog e comente pelo @blogedvaldomagalhaes.<br \/>\n<span style=\"font-size: revert;\">Fotos: Jana\u00edna Pepeu\/Secom<\/span><\/p>\n","protected":false},"excerpt":{"rendered":"<p>_Iniciativa investir\u00e1 em entrega de m\u00e1quinas, constru\u00e7\u00e3o de barragens e distribui\u00e7\u00e3o de sementes em todo o Estado_ Fortalecendo a agricultura&hellip;<\/p>\n","protected":false},"author":1,"featured_media":118470,"comment_status":"closed","ping_status":"open","sticky":false,"template":"","format":"standard","meta":{"footnotes":""},"categories":[14120],"tags":[31914,27410,13146,28801],"class_list":["post-118468","post","type-post","status-publish","format-standard","has-post-thumbnail","hentry","category-noticias","tag-blog-com-mais-informacoes","tag-blog-de-caruaru","tag-blog-edvaldo-magalhaes","tag-blog-mais-acessado"],"_links":{"self":[{"href":"https:\/\/blogdoedvaldomagalhaes.com.br\/index.php\/wp-json\/wp\/v2\/posts\/118468","targetHints":{"allow":["GET"]}}],"collection":[{"href":"https:\/\/blogdoedvaldomagalhaes.com.br\/index.php\/wp-json\/wp\/v2\/posts"}],"about":[{"href":"https:\/\/blogdoedvaldomagalhaes.com.br\/index.php\/wp-json\/wp\/v2\/types\/post"}],"author":[{"embeddable":true,"href":"https:\/\/blogdoedvaldomagalhaes.com.br\/index.php\/wp-json\/wp\/v2\/users\/1"}],"replies":[{"embeddable":true,"href":"https:\/\/blogdoedvaldomagalhaes.com.br\/index.php\/wp-json\/wp\/v2\/comments?post=118468"}],"version-history":[{"count":1,"href":"https:\/\/blogdoedvaldomagalhaes.com.br\/index.php\/wp-json\/wp\/v2\/posts\/118468\/revisions"}],"predecessor-version":[{"id":118469,"href":"https:\/\/blogdoedvaldomagalhaes.com.br\/index.php\/wp-json\/wp\/v2\/posts\/118468\/revisions\/118469"}],"wp:featuredmedia":[{"embeddable":true,"href":"https:\/\/blogdoedvaldomagalhaes.com.br\/index.php\/wp-json\/wp\/v2\/media\/118470"}],"wp:attachment":[{"href":"https:\/\/blogdoedvaldomagalhaes.com.br\/index.php\/wp-json\/wp\/v2\/media?parent=118468"}],"wp:term":[{"taxonomy":"category","embeddable":true,"href":"https:\/\/blogdoedvaldomagalhaes.com.br\/index.php\/wp-json\/wp\/v2\/categories?post=118468"},{"taxonomy":"post_tag","embeddable":true,"href":"https:\/\/blogdoedvaldomagalhaes.com.br\/index.php\/wp-json\/wp\/v2\/tags?post=118468"}],"curies":[{"name":"wp","href":"https:\/\/api.w.org\/{rel}","templated":true}]}}