{"id":1184,"date":"2018-09-28T10:37:00","date_gmt":"2018-09-28T13:37:00","guid":{"rendered":"http:\/\/blogdoedvaldomagalhaes.com.br\/index.php\/2018\/09\/28\/detento-de-caruaru-e-assassinado-tiros\/"},"modified":"2019-02-09T02:32:47","modified_gmt":"2019-02-09T04:32:47","slug":"detento-de-caruaru-e-assassinado-tiros","status":"publish","type":"post","link":"https:\/\/blogdoedvaldomagalhaes.com.br\/index.php\/2018\/09\/28\/detento-de-caruaru-e-assassinado-tiros\/","title":{"rendered":"Detento de Caruaru \u00e9 assassinado a tiros em Canhotinho"},"content":{"rendered":"<div class=\"separator\" style=\"clear: both; text-align: center;\">\n<a href=\"https:\/\/4.bp.blogspot.com\/-y5yXxwgZBYg\/W64EVUmf2XI\/AAAAAAAA6y4\/Amhz7CGOzO41WLxj3W9bsEfn9AOveP_7QCLcBGAs\/s1600\/carro%255B.jpg\" imageanchor=\"1\" style=\"margin-left: 1em; margin-right: 1em;\"><img loading=\"lazy\" decoding=\"async\" border=\"0\" data-original-height=\"281\" data-original-width=\"500\" height=\"354\" src=\"http:\/\/blogdoedvaldomagalhaes.com.br\/wp-content\/uploads\/2018\/09\/carro5B.jpg\" width=\"640\" \/><\/a><\/div>\n<div class=\"separator\" style=\"clear: both; text-align: center;\">\nFoto: Blog Agreste Violento<\/div>\n<p><\/p>\n<div style=\"background-color: white; box-sizing: border-box; line-height: 24px; margin-bottom: 10px; text-align: justify;\">\nOito pessoas foram assassinadas em Pernambuco nas \u00faltimas 24 horas. No ano j\u00e1 s\u00e3o 3.094 homic\u00eddios no Estado, 1.250 na Regi\u00e3o Metropolitana e 1.844 no interior.<\/div>\n<div style=\"background-color: white; box-sizing: border-box; line-height: 24px; margin-bottom: 10px; text-align: justify;\">\nUm dos crimes aconteceu em Canhotinho. Um detento de Caruaru foi assassinado a tiros no estacionamento do Centro de Ressocializa\u00e7\u00e3o do Agreste (CRA).<\/div>\n<div style=\"background-color: white; box-sizing: border-box; line-height: 24px; margin-bottom: 10px; text-align: justify;\">\nAnderson Bezerra da Silva, conhecido como \u201cAnderson Bomba\u201d, 36 anos, estava em um carro e vinha para Caruaru, onde realizaria um tratamento odontol\u00f3gico.<\/div>\n<div style=\"background-color: white; box-sizing: border-box; line-height: 24px; margin-bottom: 10px; text-align: justify;\">\nDois homens encapuzados praticaram o crime. \u201cAnderson Bomba\u201d morava em Caruaru e caiu na Opera\u00e7\u00e3o Classe A, deflagrada em 2014.<\/div>\n<div style=\"background-color: white; box-sizing: border-box; line-height: 24px; margin-bottom: 10px; text-align: justify;\">\n<strong style=\"box-sizing: border-box;\">Assaltos<\/strong><\/div>\n<div style=\"background-color: white; box-sizing: border-box; line-height: 24px; margin-bottom: 10px; text-align: justify;\">\nRegistrados 7 assaltos a \u00f4nibus no Grande Recife, nas \u00faltimas 24 horas. Em setembro j\u00e1 s\u00e3o 162 ocorr\u00eancias e no ano 1.883 assaltos.<\/div>\n<div style=\"background-color: white; box-sizing: border-box; line-height: 24px; margin-bottom: 10px; text-align: justify;\">\nFonte: R\u00e1dio Liberdade.<\/div>\n","protected":false},"excerpt":{"rendered":"<p>Foto: Blog Agreste Violento Oito pessoas foram assassinadas em Pernambuco nas \u00faltimas 24 horas. No ano j\u00e1 s\u00e3o 3.094 homic\u00eddios&hellip;<\/p>\n","protected":false},"author":1,"featured_media":0,"comment_status":"open","ping_status":"open","sticky":false,"template":"","format":"standard","meta":{"footnotes":""},"categories":[1],"tags":[2,1141,13],"class_list":["post-1184","post","type-post","status-publish","format-standard","hentry","category-sem-categoria","tag-blog-do-edvaldo-magalhaes","tag-detento-de-caruaru-e-assassinado-a-tiros-em-canhotinho","tag-policial"],"_links":{"self":[{"href":"https:\/\/blogdoedvaldomagalhaes.com.br\/index.php\/wp-json\/wp\/v2\/posts\/1184","targetHints":{"allow":["GET"]}}],"collection":[{"href":"https:\/\/blogdoedvaldomagalhaes.com.br\/index.php\/wp-json\/wp\/v2\/posts"}],"about":[{"href":"https:\/\/blogdoedvaldomagalhaes.com.br\/index.php\/wp-json\/wp\/v2\/types\/post"}],"author":[{"embeddable":true,"href":"https:\/\/blogdoedvaldomagalhaes.com.br\/index.php\/wp-json\/wp\/v2\/users\/1"}],"replies":[{"embeddable":true,"href":"https:\/\/blogdoedvaldomagalhaes.com.br\/index.php\/wp-json\/wp\/v2\/comments?post=1184"}],"version-history":[{"count":1,"href":"https:\/\/blogdoedvaldomagalhaes.com.br\/index.php\/wp-json\/wp\/v2\/posts\/1184\/revisions"}],"predecessor-version":[{"id":34435,"href":"https:\/\/blogdoedvaldomagalhaes.com.br\/index.php\/wp-json\/wp\/v2\/posts\/1184\/revisions\/34435"}],"wp:attachment":[{"href":"https:\/\/blogdoedvaldomagalhaes.com.br\/index.php\/wp-json\/wp\/v2\/media?parent=1184"}],"wp:term":[{"taxonomy":"category","embeddable":true,"href":"https:\/\/blogdoedvaldomagalhaes.com.br\/index.php\/wp-json\/wp\/v2\/categories?post=1184"},{"taxonomy":"post_tag","embeddable":true,"href":"https:\/\/blogdoedvaldomagalhaes.com.br\/index.php\/wp-json\/wp\/v2\/tags?post=1184"}],"curies":[{"name":"wp","href":"https:\/\/api.w.org\/{rel}","templated":true}]}}