{"id":118376,"date":"2025-04-08T17:28:34","date_gmt":"2025-04-08T20:28:34","guid":{"rendered":"https:\/\/blogdoedvaldomagalhaes.com.br\/?p=118376"},"modified":"2025-04-08T17:28:34","modified_gmt":"2025-04-08T20:28:34","slug":"abril-marrom-9-entre-10-casos-de-deficiencia-visual-no-brasil-sao-previsiveis-ou-trataveis-2","status":"publish","type":"post","link":"https:\/\/blogdoedvaldomagalhaes.com.br\/index.php\/2025\/04\/08\/abril-marrom-9-entre-10-casos-de-deficiencia-visual-no-brasil-sao-previsiveis-ou-trataveis-2\/","title":{"rendered":"Abril Marrom: 9 entre 10 casos de defici\u00eancia visual no Brasil s\u00e3o previs\u00edveis ou trat\u00e1veis"},"content":{"rendered":"<p>Um estudo realizado pelo Conselho Brasileiro de Oftalmologia (CBO) apontou que 90% dos casos de defici\u00eancia visual s\u00e3o previs\u00edveis ou trat\u00e1veis. Ainda segundo a pesquisa, s\u00e3o mais de 1,5 milh\u00e3o de pessoas cegas no Brasil (ou seja, cerca de 1,3 milh\u00e3o de casos de cegueira que poderiam ser evit\u00e1veis). A maioria (946 mil) dessas pessoas est\u00e1 em grupos economicamente vulner\u00e1veis.<br \/>\nNo m\u00eas de Abril, \u00e9 realizada a campanha do Abril Marrom, que visa a conscientiza\u00e7\u00e3o sobre a preven\u00e7\u00e3o da cegueira. A cor marrom foi escolhida por representar a cor da \u00edris mais comum nos olhos dos brasileiros. J\u00e1 o m\u00eas foi selecionado por ser neste m\u00eas que se comemora o Dia Nacional do Braille, no dia 8 de abril. A data \u00e9 a mesma do nascimento do professor Jos\u00e9 \u00c1lvares de Azevedo, que foi respons\u00e1vel por trazer, em 1850, o alfabeto Braille ao nosso pa\u00eds.<br \/>\n\u201c\u00c9 a campanha de conscientiza\u00e7\u00e3o da popula\u00e7\u00e3o sobre a import\u00e2ncia da preven\u00e7\u00e3o e combate \u00e0s diversas causas de cegueira e consequentemente tentarmos reduzir a incid\u00eancia no Brasil dos principais problemas que podem causar perda de vis\u00e3o\u201d, a oftalmologista Hayana Rangel, Diretora T\u00e9cnica do Hospital de Olhos Santa Luzia.<br \/>\n\u201cAs principais causas da cegueira s\u00e3o glaucoma, retinopatia diab\u00e9tica, catarata, traumas oculares e Degenera\u00e7\u00e3o Macular Relacionada \u00e0 Idade (DMRI). Al\u00e9m disso, outras doen\u00e7as sist\u00eamicas tamb\u00e9m podem afetar os olhos, como hipertens\u00e3o, problemas relacionados \u00e0 tireoide, doen\u00e7as reumatol\u00f3gicas, toxoplasmose, entre outras\u201d, completa o oftalmologista Hayana Rangel.<br \/>\nConsultar um oftalmologista com frequ\u00eancia e fazer exames de rotina s\u00e3o as melhores formas de prevenir doen\u00e7as que causam a cegueira. A defici\u00eancia visual se divide em dois grupos com caracter\u00edsticas e necessidades diferentes: pessoas que apresentam baixa vis\u00e3o e pessoas com cegueira.<br \/>\nCegueira \u00e9 o termo usado para perda total de vis\u00e3o, quando a pessoa precisa contar com habilidades de substitui\u00e7\u00e3o da vis\u00e3o. Sob o enfoque educacional, cego \u00e9 aquele que n\u00e3o utiliza a vis\u00e3o para a aprendizagem e que necessita de sistemas Braille ou sistemas que verbalizam textos em computadores.<br \/>\nBaixa vis\u00e3o ou vis\u00e3o subnormal \u00e9 o termo usado para a pessoa que tem sua fun\u00e7\u00e3o visual comprometida, mas que usa ou \u00e9 potencialmente capaz de usar a vis\u00e3o para executar tarefas.<br \/>\nMuitas das doen\u00e7as oculares s\u00e3o silenciosas, n\u00e3o apresentando sintomas nas fases iniciais, portanto, o diagn\u00f3stico precoce previne a perda da vis\u00e3o. \u201cPara prevenir a cegueira, \u00e9 essencial realizar exames oftalmol\u00f3gicos regulares, adotar h\u00e1bitos saud\u00e1veis \u200b\u200bcomo n\u00e3o fumar, controlar a diabetes e a press\u00e3o arterial, al\u00e9m de proteger os olhos contra les\u00f5es e usar \u00f3culos de sol com prote\u00e7\u00e3o UV\u201d, finaliza a oftalmologista Hayana Rangel.<br \/>\nSeja seguidor do Instagram do Blog e comente pelo @blogdoedvaldomagalhaes<br \/>\nFoto: Banco de dados <\/p>\n","protected":false},"excerpt":{"rendered":"<p>Um estudo realizado pelo Conselho Brasileiro de Oftalmologia (CBO) apontou que 90% dos casos de defici\u00eancia visual s\u00e3o previs\u00edveis ou&hellip;<\/p>\n","protected":false},"author":1,"featured_media":118377,"comment_status":"closed","ping_status":"open","sticky":false,"template":"","format":"standard","meta":{"footnotes":""},"categories":[14120],"tags":[30382,28803,27410,13146,28801],"class_list":["post-118376","post","type-post","status-publish","format-standard","has-post-thumbnail","hentry","category-noticias","tag-abril-marrom-9-entre-10-casos-de-deficiencia-visual-no-brasil-sao-previsiveis-ou-trataveis","tag-blog-com-mais-visualizacoes","tag-blog-de-caruaru","tag-blog-edvaldo-magalhaes","tag-blog-mais-acessado"],"_links":{"self":[{"href":"https:\/\/blogdoedvaldomagalhaes.com.br\/index.php\/wp-json\/wp\/v2\/posts\/118376","targetHints":{"allow":["GET"]}}],"collection":[{"href":"https:\/\/blogdoedvaldomagalhaes.com.br\/index.php\/wp-json\/wp\/v2\/posts"}],"about":[{"href":"https:\/\/blogdoedvaldomagalhaes.com.br\/index.php\/wp-json\/wp\/v2\/types\/post"}],"author":[{"embeddable":true,"href":"https:\/\/blogdoedvaldomagalhaes.com.br\/index.php\/wp-json\/wp\/v2\/users\/1"}],"replies":[{"embeddable":true,"href":"https:\/\/blogdoedvaldomagalhaes.com.br\/index.php\/wp-json\/wp\/v2\/comments?post=118376"}],"version-history":[{"count":1,"href":"https:\/\/blogdoedvaldomagalhaes.com.br\/index.php\/wp-json\/wp\/v2\/posts\/118376\/revisions"}],"predecessor-version":[{"id":118378,"href":"https:\/\/blogdoedvaldomagalhaes.com.br\/index.php\/wp-json\/wp\/v2\/posts\/118376\/revisions\/118378"}],"wp:featuredmedia":[{"embeddable":true,"href":"https:\/\/blogdoedvaldomagalhaes.com.br\/index.php\/wp-json\/wp\/v2\/media\/118377"}],"wp:attachment":[{"href":"https:\/\/blogdoedvaldomagalhaes.com.br\/index.php\/wp-json\/wp\/v2\/media?parent=118376"}],"wp:term":[{"taxonomy":"category","embeddable":true,"href":"https:\/\/blogdoedvaldomagalhaes.com.br\/index.php\/wp-json\/wp\/v2\/categories?post=118376"},{"taxonomy":"post_tag","embeddable":true,"href":"https:\/\/blogdoedvaldomagalhaes.com.br\/index.php\/wp-json\/wp\/v2\/tags?post=118376"}],"curies":[{"name":"wp","href":"https:\/\/api.w.org\/{rel}","templated":true}]}}