{"id":118317,"date":"2025-04-06T14:33:02","date_gmt":"2025-04-06T17:33:02","guid":{"rendered":"https:\/\/blogdoedvaldomagalhaes.com.br\/?p=118317"},"modified":"2025-04-06T14:33:02","modified_gmt":"2025-04-06T17:33:02","slug":"homem-e-preso-com-cinco-armas-de-fogo","status":"publish","type":"post","link":"https:\/\/blogdoedvaldomagalhaes.com.br\/index.php\/2025\/04\/06\/homem-e-preso-com-cinco-armas-de-fogo\/","title":{"rendered":"Homem \u00e9 preso com cinco armas de fogo"},"content":{"rendered":"<p>Um homem foi preso e armas de fogo apreendidas na noite deste s\u00e1bado (5), no bairro Top\u00e1zio, em Petrolina, no Sert\u00e3o de Pernambuco. Policiais Militares do 2\u00ba Biesp receberam informa\u00e7\u00f5es que um homem estava efetuando disparos de arma de fogo em via p\u00fablica, amedrontando moradores da regi\u00e3o<\/p>\n<p>Foi realizado deslocamento para o endere\u00e7o e o suspeito foi localizado. Com ele foram apreendidos um rev\u00f3lver calibre .22, com 12 muni\u00e7\u00f5es do mesmo calibre, uma pistola 9mm, com oito carregadores do mesmo calibre, tr\u00eas rifles, quatro muni\u00e7\u00f5es calibre .17 e uma luneta.<\/p>\n<p>O suspeito n\u00e3o se identificou, nem apresentou a documenta\u00e7\u00e3o das armas de fogo e foi conduzido \u00e0 Delegacia de Pol\u00edcia Civil para serem tomadas as medidas legais cab\u00edveis. Foto: Divulga\u00e7\u00e3o\/PMPE<br \/>\nSiga o Instagram do Blog pelo @blogdoedvaldomagalhaes<\/p>\n","protected":false},"excerpt":{"rendered":"<p>Um homem foi preso e armas de fogo apreendidas na noite deste s\u00e1bado (5), no bairro Top\u00e1zio, em Petrolina, no&hellip;<\/p>\n","protected":false},"author":1,"featured_media":118318,"comment_status":"closed","ping_status":"open","sticky":false,"template":"","format":"standard","meta":{"footnotes":""},"categories":[14121],"tags":[29440,27410,2,28801,33226],"class_list":["post-118317","post","type-post","status-publish","format-standard","has-post-thumbnail","hentry","category-policial","tag-blog-com-mais-visualizacao","tag-blog-de-caruaru","tag-blog-do-edvaldo-magalhaes","tag-blog-mais-acessado","tag-homem-e-preso-com-cinco-armas-de-fogo-em-petrolina"],"_links":{"self":[{"href":"https:\/\/blogdoedvaldomagalhaes.com.br\/index.php\/wp-json\/wp\/v2\/posts\/118317","targetHints":{"allow":["GET"]}}],"collection":[{"href":"https:\/\/blogdoedvaldomagalhaes.com.br\/index.php\/wp-json\/wp\/v2\/posts"}],"about":[{"href":"https:\/\/blogdoedvaldomagalhaes.com.br\/index.php\/wp-json\/wp\/v2\/types\/post"}],"author":[{"embeddable":true,"href":"https:\/\/blogdoedvaldomagalhaes.com.br\/index.php\/wp-json\/wp\/v2\/users\/1"}],"replies":[{"embeddable":true,"href":"https:\/\/blogdoedvaldomagalhaes.com.br\/index.php\/wp-json\/wp\/v2\/comments?post=118317"}],"version-history":[{"count":1,"href":"https:\/\/blogdoedvaldomagalhaes.com.br\/index.php\/wp-json\/wp\/v2\/posts\/118317\/revisions"}],"predecessor-version":[{"id":118319,"href":"https:\/\/blogdoedvaldomagalhaes.com.br\/index.php\/wp-json\/wp\/v2\/posts\/118317\/revisions\/118319"}],"wp:featuredmedia":[{"embeddable":true,"href":"https:\/\/blogdoedvaldomagalhaes.com.br\/index.php\/wp-json\/wp\/v2\/media\/118318"}],"wp:attachment":[{"href":"https:\/\/blogdoedvaldomagalhaes.com.br\/index.php\/wp-json\/wp\/v2\/media?parent=118317"}],"wp:term":[{"taxonomy":"category","embeddable":true,"href":"https:\/\/blogdoedvaldomagalhaes.com.br\/index.php\/wp-json\/wp\/v2\/categories?post=118317"},{"taxonomy":"post_tag","embeddable":true,"href":"https:\/\/blogdoedvaldomagalhaes.com.br\/index.php\/wp-json\/wp\/v2\/tags?post=118317"}],"curies":[{"name":"wp","href":"https:\/\/api.w.org\/{rel}","templated":true}]}}