{"id":118314,"date":"2025-04-06T14:25:10","date_gmt":"2025-04-06T17:25:10","guid":{"rendered":"https:\/\/blogdoedvaldomagalhaes.com.br\/?p=118314"},"modified":"2025-04-06T14:25:10","modified_gmt":"2025-04-06T17:25:10","slug":"homem-e-preso-coma-arma-e-municoes-no-interior-do-estado","status":"publish","type":"post","link":"https:\/\/blogdoedvaldomagalhaes.com.br\/index.php\/2025\/04\/06\/homem-e-preso-coma-arma-e-municoes-no-interior-do-estado\/","title":{"rendered":"Homem \u00e9 preso coma arma e muni\u00e7\u00f5es no interior do estado"},"content":{"rendered":"<p>Nesta madrugada (06.04), equipes do 22\u00baBPM realizavam o patrulhamento ostensivo no munic\u00edpio de Casinhas, quando recebeu informa\u00e7\u00f5es sobre a presen\u00e7a de suspeitos envolvidos com tr\u00e1fico de drogas, na regi\u00e3o e que estes estariam comercializando e consumindo drogas, na Zona Rural do munic\u00edpio. <\/p>\n<p>As equipes se dirigiram ao endere\u00e7o repassado e ao chegar ao local, foram recebidas por disparos de arma de fogo. Durante a a\u00e7\u00e3o, dois suspeitos conseguiram fugir, um foi preso pelo efetivo na tentativa de fuga. Foram apreendidos no local, um rev\u00f3lver calibre .38, com cinco muni\u00e7\u00f5es deflagradas e uma pinada, um r\u00e1dio comunicador, um aparelho celular, tr\u00eas carregadores, sendo um alongado e dois de calibre 9mm, com 58 muni\u00e7\u00f5es.  <\/p>\n<p>Diante dos fatos, o imputado e todo o material apreendido foram encaminhados \u00e0 delegacia de plant\u00e3o para as provid\u00eancias legais cab\u00edveis.<br \/>\nSeja seguidor do Instagram do Blog pelo @blogdoedvaldomagalhaes<br \/>\nFoto: Divulga\u00e7\u00e3o\/PMPE <\/p>\n","protected":false},"excerpt":{"rendered":"<p>Nesta madrugada (06.04), equipes do 22\u00baBPM realizavam o patrulhamento ostensivo no munic\u00edpio de Casinhas, quando recebeu informa\u00e7\u00f5es sobre a presen\u00e7a&hellip;<\/p>\n","protected":false},"author":1,"featured_media":118315,"comment_status":"closed","ping_status":"open","sticky":false,"template":"","format":"standard","meta":{"footnotes":""},"categories":[14121],"tags":[28803,27410,2,28801,33225],"class_list":["post-118314","post","type-post","status-publish","format-standard","has-post-thumbnail","hentry","category-policial","tag-blog-com-mais-visualizacoes","tag-blog-de-caruaru","tag-blog-do-edvaldo-magalhaes","tag-blog-mais-acessado","tag-homem-e-preso-coma-arma-e-municoes-no-interior-do-estado"],"_links":{"self":[{"href":"https:\/\/blogdoedvaldomagalhaes.com.br\/index.php\/wp-json\/wp\/v2\/posts\/118314","targetHints":{"allow":["GET"]}}],"collection":[{"href":"https:\/\/blogdoedvaldomagalhaes.com.br\/index.php\/wp-json\/wp\/v2\/posts"}],"about":[{"href":"https:\/\/blogdoedvaldomagalhaes.com.br\/index.php\/wp-json\/wp\/v2\/types\/post"}],"author":[{"embeddable":true,"href":"https:\/\/blogdoedvaldomagalhaes.com.br\/index.php\/wp-json\/wp\/v2\/users\/1"}],"replies":[{"embeddable":true,"href":"https:\/\/blogdoedvaldomagalhaes.com.br\/index.php\/wp-json\/wp\/v2\/comments?post=118314"}],"version-history":[{"count":1,"href":"https:\/\/blogdoedvaldomagalhaes.com.br\/index.php\/wp-json\/wp\/v2\/posts\/118314\/revisions"}],"predecessor-version":[{"id":118316,"href":"https:\/\/blogdoedvaldomagalhaes.com.br\/index.php\/wp-json\/wp\/v2\/posts\/118314\/revisions\/118316"}],"wp:featuredmedia":[{"embeddable":true,"href":"https:\/\/blogdoedvaldomagalhaes.com.br\/index.php\/wp-json\/wp\/v2\/media\/118315"}],"wp:attachment":[{"href":"https:\/\/blogdoedvaldomagalhaes.com.br\/index.php\/wp-json\/wp\/v2\/media?parent=118314"}],"wp:term":[{"taxonomy":"category","embeddable":true,"href":"https:\/\/blogdoedvaldomagalhaes.com.br\/index.php\/wp-json\/wp\/v2\/categories?post=118314"},{"taxonomy":"post_tag","embeddable":true,"href":"https:\/\/blogdoedvaldomagalhaes.com.br\/index.php\/wp-json\/wp\/v2\/tags?post=118314"}],"curies":[{"name":"wp","href":"https:\/\/api.w.org\/{rel}","templated":true}]}}