{"id":118311,"date":"2025-04-06T14:20:19","date_gmt":"2025-04-06T17:20:19","guid":{"rendered":"https:\/\/blogdoedvaldomagalhaes.com.br\/?p=118311"},"modified":"2025-04-06T14:20:19","modified_gmt":"2025-04-06T17:20:19","slug":"suspeito-de-cometer-assaltos-e-preso-com-pistola-em-bar","status":"publish","type":"post","link":"https:\/\/blogdoedvaldomagalhaes.com.br\/index.php\/2025\/04\/06\/suspeito-de-cometer-assaltos-e-preso-com-pistola-em-bar\/","title":{"rendered":"Suspeito de cometer assaltos \u00e9 preso com pistola em bar"},"content":{"rendered":"<p>Um homem suspeito de cometer assaltos no bairro de Boa Viagem foi preso nesta madrugada (06.04), por policiais militares do 19\u00baBPM, durante policiamento ostensivo no bairro do Jord\u00e3o Baixo. O efetivo recebeu informa\u00e7\u00f5es de que o suspeito estaria em um bar, portando uma arma de fogo.<\/p>\n<p>O efetivo seguiu at\u00e9 o referido endere\u00e7o e visualizou o envolvido, que, ao perceber que seria abordado, dirigiu-se ao banheiro, retirou a arma da cintura e a colocou dentro do banheiro feminino. De imediato, foi dada voz de pris\u00e3o.<\/p>\n<p>Ap\u00f3s a busca pessoal e varredura no local, foi encontrada uma pistola carregada com 19 muni\u00e7\u00f5es, um celular e uma moto Honda. A ocorr\u00eancia foi encaminhada \u00e0 DP de Boa Viagem, onde durante procedimento, v\u00edtimas reconheceram o envolvido como autor dos referidos assaltos.<br \/>\nSiga o Instagram do Blog pelo @blogdoedvaldomagalhaes<br \/>\nFoto: Divulga\u00e7\u00e3o\/PMPE<\/p>\n","protected":false},"excerpt":{"rendered":"<p>Um homem suspeito de cometer assaltos no bairro de Boa Viagem foi preso nesta madrugada (06.04), por policiais militares do&hellip;<\/p>\n","protected":false},"author":1,"featured_media":118312,"comment_status":"closed","ping_status":"open","sticky":false,"template":"","format":"standard","meta":{"footnotes":""},"categories":[14121],"tags":[30592,27410,13146,28801,33224],"class_list":["post-118311","post","type-post","status-publish","format-standard","has-post-thumbnail","hentry","category-policial","tag-blog-com-mais-seguidores","tag-blog-de-caruaru","tag-blog-edvaldo-magalhaes","tag-blog-mais-acessado","tag-suspeito-de-cometer-assaltos-e-preso-com-pistola-em-bar"],"_links":{"self":[{"href":"https:\/\/blogdoedvaldomagalhaes.com.br\/index.php\/wp-json\/wp\/v2\/posts\/118311","targetHints":{"allow":["GET"]}}],"collection":[{"href":"https:\/\/blogdoedvaldomagalhaes.com.br\/index.php\/wp-json\/wp\/v2\/posts"}],"about":[{"href":"https:\/\/blogdoedvaldomagalhaes.com.br\/index.php\/wp-json\/wp\/v2\/types\/post"}],"author":[{"embeddable":true,"href":"https:\/\/blogdoedvaldomagalhaes.com.br\/index.php\/wp-json\/wp\/v2\/users\/1"}],"replies":[{"embeddable":true,"href":"https:\/\/blogdoedvaldomagalhaes.com.br\/index.php\/wp-json\/wp\/v2\/comments?post=118311"}],"version-history":[{"count":1,"href":"https:\/\/blogdoedvaldomagalhaes.com.br\/index.php\/wp-json\/wp\/v2\/posts\/118311\/revisions"}],"predecessor-version":[{"id":118313,"href":"https:\/\/blogdoedvaldomagalhaes.com.br\/index.php\/wp-json\/wp\/v2\/posts\/118311\/revisions\/118313"}],"wp:featuredmedia":[{"embeddable":true,"href":"https:\/\/blogdoedvaldomagalhaes.com.br\/index.php\/wp-json\/wp\/v2\/media\/118312"}],"wp:attachment":[{"href":"https:\/\/blogdoedvaldomagalhaes.com.br\/index.php\/wp-json\/wp\/v2\/media?parent=118311"}],"wp:term":[{"taxonomy":"category","embeddable":true,"href":"https:\/\/blogdoedvaldomagalhaes.com.br\/index.php\/wp-json\/wp\/v2\/categories?post=118311"},{"taxonomy":"post_tag","embeddable":true,"href":"https:\/\/blogdoedvaldomagalhaes.com.br\/index.php\/wp-json\/wp\/v2\/tags?post=118311"}],"curies":[{"name":"wp","href":"https:\/\/api.w.org\/{rel}","templated":true}]}}