{"id":118308,"date":"2025-04-06T14:07:07","date_gmt":"2025-04-06T17:07:07","guid":{"rendered":"https:\/\/blogdoedvaldomagalhaes.com.br\/?p=118308"},"modified":"2025-04-06T14:07:07","modified_gmt":"2025-04-06T17:07:07","slug":"caruaru-recebera-imersao-em-lideranca-e-empreendedorismo-com-grandes-nomes-do-mercado","status":"publish","type":"post","link":"https:\/\/blogdoedvaldomagalhaes.com.br\/index.php\/2025\/04\/06\/caruaru-recebera-imersao-em-lideranca-e-empreendedorismo-com-grandes-nomes-do-mercado\/","title":{"rendered":"Caruaru receber\u00e1 imers\u00e3o em lideran\u00e7a e empreendedorismo com grandes nomes do mercado"},"content":{"rendered":"<p>Neste s\u00e1bado dia 12 de abril, Caruaru ser\u00e1 palco de um evento transformador para l\u00edderes e empreendedores que buscam se destacar no mercado: a Imers\u00e3o 360\u00ba em Lideran\u00e7a &#038; Empreendedorismo, promovida pela P\u00f3dio S\/A. O encontro acontecer\u00e1 das 8h \u00e0s 18h, no Caruaru Park Hotel, reunindo especialistas de renome nacional para um dia inteiro de troca de conhecimento, estrat\u00e9gias e desenvolvimento de habilidades.<\/p>\n<p>A proposta da imers\u00e3o \u00e9 proporcionar aos participantes um ambiente din\u00e2mico e inspirador, onde poder\u00e3o aprender com mentores experientes, adquirir ferramentas para tomada de decis\u00f5es mais assertivas e impulsionar seus resultados profissionais e empresariais.<\/p>\n<p>Entre os mentores confirmados, est\u00e3o:<br \/>\n\t\u2022\tLeandro Uchoa<br \/>\n\t\u2022\tEug\u00eanio Sales<br \/>\n\t\u2022\tF\u00e1tima Nascimento<br \/>\n\t\u2022\tFrancisco Oliveira<br \/>\n\t\u2022\tLindomar Luiz<br \/>\n\t\u2022\tAroldo Leda<\/p>\n<p>As vagas s\u00e3o limitadas e as inscri\u00e7\u00f5es podem ser feitas atrav\u00e9s do n\u00famero (81) 99936-7126.<\/p>\n<p>N\u00e3o perca a oportunidade de levar sua lideran\u00e7a ao pr\u00f3ximo n\u00edvel!<\/p>\n<p>Mais informa\u00e7\u00f5es:<br \/>\n(81) 99936-7126<br \/>\nLocal: Caruaru Park Hotel<br \/>\nHor\u00e1rio: 8h \u00e0s 18h<br \/>\nData: 12 de abril<\/p>\n","protected":false},"excerpt":{"rendered":"<p>Neste s\u00e1bado dia 12 de abril, Caruaru ser\u00e1 palco de um evento transformador para l\u00edderes e empreendedores que buscam se&hellip;<\/p>\n","protected":false},"author":1,"featured_media":118309,"comment_status":"closed","ping_status":"open","sticky":false,"template":"","format":"standard","meta":{"footnotes":""},"categories":[14120],"tags":[29440,13146,28801,33223,6],"class_list":["post-118308","post","type-post","status-publish","format-standard","has-post-thumbnail","hentry","category-noticias","tag-blog-com-mais-visualizacao","tag-blog-edvaldo-magalhaes","tag-blog-mais-acessado","tag-caruaru-recebera-imersao-em-lideranca-e-empreendedorismo-com-grandes-nomes-do-mercado","tag-noticias"],"_links":{"self":[{"href":"https:\/\/blogdoedvaldomagalhaes.com.br\/index.php\/wp-json\/wp\/v2\/posts\/118308","targetHints":{"allow":["GET"]}}],"collection":[{"href":"https:\/\/blogdoedvaldomagalhaes.com.br\/index.php\/wp-json\/wp\/v2\/posts"}],"about":[{"href":"https:\/\/blogdoedvaldomagalhaes.com.br\/index.php\/wp-json\/wp\/v2\/types\/post"}],"author":[{"embeddable":true,"href":"https:\/\/blogdoedvaldomagalhaes.com.br\/index.php\/wp-json\/wp\/v2\/users\/1"}],"replies":[{"embeddable":true,"href":"https:\/\/blogdoedvaldomagalhaes.com.br\/index.php\/wp-json\/wp\/v2\/comments?post=118308"}],"version-history":[{"count":1,"href":"https:\/\/blogdoedvaldomagalhaes.com.br\/index.php\/wp-json\/wp\/v2\/posts\/118308\/revisions"}],"predecessor-version":[{"id":118310,"href":"https:\/\/blogdoedvaldomagalhaes.com.br\/index.php\/wp-json\/wp\/v2\/posts\/118308\/revisions\/118310"}],"wp:featuredmedia":[{"embeddable":true,"href":"https:\/\/blogdoedvaldomagalhaes.com.br\/index.php\/wp-json\/wp\/v2\/media\/118309"}],"wp:attachment":[{"href":"https:\/\/blogdoedvaldomagalhaes.com.br\/index.php\/wp-json\/wp\/v2\/media?parent=118308"}],"wp:term":[{"taxonomy":"category","embeddable":true,"href":"https:\/\/blogdoedvaldomagalhaes.com.br\/index.php\/wp-json\/wp\/v2\/categories?post=118308"},{"taxonomy":"post_tag","embeddable":true,"href":"https:\/\/blogdoedvaldomagalhaes.com.br\/index.php\/wp-json\/wp\/v2\/tags?post=118308"}],"curies":[{"name":"wp","href":"https:\/\/api.w.org\/{rel}","templated":true}]}}