{"id":118305,"date":"2025-04-06T13:58:48","date_gmt":"2025-04-06T16:58:48","guid":{"rendered":"https:\/\/blogdoedvaldomagalhaes.com.br\/?p=118305"},"modified":"2025-04-06T13:58:48","modified_gmt":"2025-04-06T16:58:48","slug":"prefeita-em-exercicio-dayse-silva-participa-do-sorteio-do-comite-das-criancas","status":"publish","type":"post","link":"https:\/\/blogdoedvaldomagalhaes.com.br\/index.php\/2025\/04\/06\/prefeita-em-exercicio-dayse-silva-participa-do-sorteio-do-comite-das-criancas\/","title":{"rendered":"Prefeita em exerc\u00edcio, Dayse Silva participa do sorteio do Comit\u00ea das Crian\u00e7as"},"content":{"rendered":"<p>Nesse s\u00e1bado (05.04) foi realizado o sorteio para a segunda edi\u00e7\u00e3o do Comit\u00ea das Crian\u00e7as de Caruaru, que definiu as 20 crian\u00e7as, com idades entre 4 e 11 anos e 11 meses, que ir\u00e3o compor o grupo em 2025. O evento contou com a presen\u00e7a da prefeita em exerc\u00edcio, Dayse Silva; do secret\u00e1rio de Educa\u00e7\u00e3o, Kaio Cola\u00e7o; da secret\u00e1ria da Primeira Inf\u00e2ncia, Iracleide Ara\u00fajo; e da secret\u00e1ria de Assist\u00eancia Social, Katiusca Lopes, al\u00e9m de dezenas de crian\u00e7as acompanhadas por seus respons\u00e1veis.<\/p>\n<p>\u201cA gente vem sendo exemplo para o Brasil, de que cada vez estamos saindo da fala e indo para a pr\u00e1tica. Isso \u00e9 muito importante. A Primeira Inf\u00e2ncia em Caruaru \u00e9 prioridade e vamos construir muitas hist\u00f3rias lindas com as crian\u00e7as\u201d, destacou a prefeita em exerc\u00edcio. <\/p>\n<p>\u201cA import\u00e2ncia desse comit\u00ea \u00e9  nos ajudar a enxergar um pouco da perspectiva da crian\u00e7a, no olhar dela. Um olhar que a gente jamais conseguir\u00e1 se aproximar da imagina\u00e7\u00e3o. Tenho certeza que continuaremos avan\u00e7ando cada vez mais. As crian\u00e7as que foram sorteadas aqui hoje, s\u00e3o representatividade de todas as crian\u00e7as de Caruaru\u201d, destacou o secret\u00e1rio de Educa\u00e7\u00e3o. <\/p>\n<p>O Comit\u00ea das Crian\u00e7as \u00e9 um \u00f3rg\u00e3o consultivo institu\u00eddo pelo Decreto Municipal n\u00ba 066\/2023, atualizado pelo Decreto n\u00ba 097\/2024, com o objetivo de garantir a participa\u00e7\u00e3o efetiva da inf\u00e2ncia na constru\u00e7\u00e3o de pol\u00edticas p\u00fablicas. Formado por crian\u00e7as regularmente matriculadas em escolas p\u00fablicas ou privadas do munic\u00edpio, o comit\u00ea atua dentro de princ\u00edpios \u00e9ticos e \u00e0 luz de documentos que reconhecem as crian\u00e7as como sujeitos de direitos, conforme o Estatuto da Crian\u00e7a e do Adolescente.<\/p>\n<p>\u201cTudo o que vivemos aqui reflete um compromisso, um compromisso com os pais e  com a forma\u00e7\u00e3o dos filhos. N\u00f3s, da Secretaria Executiva da Primeira Inf\u00e2ncia, estamos radiantes com os resultados que o Comit\u00ea das Crian\u00e7as vem trazendo e sabemos que \u00e9 s\u00f3 o come\u00e7o de tudo o que ainda vamos juntos escrever nessa linda hist\u00f3ria\u201d, declarou emocionada a secretaria da primeira inf\u00e2ncia.<\/p>\n<p>A iniciativa, pioneira em Caruaru, j\u00e1 demonstrou resultados significativos desde sua cria\u00e7\u00e3o, com encontros mensais que permitiram a escuta ativa das crian\u00e7as. A nova forma\u00e7\u00e3o do comit\u00ea dar\u00e1 continuidade a esse trabalho, com encontros realizados no Centro de Refer\u00eancia, Forma\u00e7\u00e3o e Pesquisa da Primeira Inf\u00e2ncia (Cerpinc), fortalecendo o protagonismo infantil nas decis\u00f5es do munic\u00edpio.<br \/>\nSeja seguidor do Instagram do Blog pelo @blogdoedvaldomagalhaes<br \/>\nFoto: Rafael Moreira<\/p>\n","protected":false},"excerpt":{"rendered":"<p>Nesse s\u00e1bado (05.04) foi realizado o sorteio para a segunda edi\u00e7\u00e3o do Comit\u00ea das Crian\u00e7as de Caruaru, que definiu as&hellip;<\/p>\n","protected":false},"author":1,"featured_media":118306,"comment_status":"closed","ping_status":"open","sticky":false,"template":"","format":"standard","meta":{"footnotes":""},"categories":[14122],"tags":[27410,2,32941,28801,33222,20,33221],"class_list":["post-118305","post","type-post","status-publish","format-standard","has-post-thumbnail","hentry","category-politica","tag-blog-de-caruaru","tag-blog-do-edvaldo-magalhaes","tag-blog-do-mais-visualizacao","tag-blog-mais-acessado","tag-dayse-silva-participa-do-sorteio-do-comite-das-criancas","tag-politica","tag-prefeita-em-exercicio"],"_links":{"self":[{"href":"https:\/\/blogdoedvaldomagalhaes.com.br\/index.php\/wp-json\/wp\/v2\/posts\/118305","targetHints":{"allow":["GET"]}}],"collection":[{"href":"https:\/\/blogdoedvaldomagalhaes.com.br\/index.php\/wp-json\/wp\/v2\/posts"}],"about":[{"href":"https:\/\/blogdoedvaldomagalhaes.com.br\/index.php\/wp-json\/wp\/v2\/types\/post"}],"author":[{"embeddable":true,"href":"https:\/\/blogdoedvaldomagalhaes.com.br\/index.php\/wp-json\/wp\/v2\/users\/1"}],"replies":[{"embeddable":true,"href":"https:\/\/blogdoedvaldomagalhaes.com.br\/index.php\/wp-json\/wp\/v2\/comments?post=118305"}],"version-history":[{"count":1,"href":"https:\/\/blogdoedvaldomagalhaes.com.br\/index.php\/wp-json\/wp\/v2\/posts\/118305\/revisions"}],"predecessor-version":[{"id":118307,"href":"https:\/\/blogdoedvaldomagalhaes.com.br\/index.php\/wp-json\/wp\/v2\/posts\/118305\/revisions\/118307"}],"wp:featuredmedia":[{"embeddable":true,"href":"https:\/\/blogdoedvaldomagalhaes.com.br\/index.php\/wp-json\/wp\/v2\/media\/118306"}],"wp:attachment":[{"href":"https:\/\/blogdoedvaldomagalhaes.com.br\/index.php\/wp-json\/wp\/v2\/media?parent=118305"}],"wp:term":[{"taxonomy":"category","embeddable":true,"href":"https:\/\/blogdoedvaldomagalhaes.com.br\/index.php\/wp-json\/wp\/v2\/categories?post=118305"},{"taxonomy":"post_tag","embeddable":true,"href":"https:\/\/blogdoedvaldomagalhaes.com.br\/index.php\/wp-json\/wp\/v2\/tags?post=118305"}],"curies":[{"name":"wp","href":"https:\/\/api.w.org\/{rel}","templated":true}]}}