{"id":1183,"date":"2018-09-28T10:40:00","date_gmt":"2018-09-28T13:40:00","guid":{"rendered":"http:\/\/blogdoedvaldomagalhaes.com.br\/index.php\/2018\/09\/28\/sesc-caruaru-realiza-3-feira-de-jovens\/"},"modified":"2019-02-09T02:32:47","modified_gmt":"2019-02-09T04:32:47","slug":"sesc-caruaru-realiza-3-feira-de-jovens","status":"publish","type":"post","link":"https:\/\/blogdoedvaldomagalhaes.com.br\/index.php\/2018\/09\/28\/sesc-caruaru-realiza-3-feira-de-jovens\/","title":{"rendered":"Sesc Caruaru realiza 3\u00aa Feira de Jovens Empreendedores Primeiros Passos"},"content":{"rendered":"<div class=\"separator\" style=\"clear: both; text-align: center;\">\n<a href=\"https:\/\/4.bp.blogspot.com\/-6YwjeSNy5XE\/W64E8XDqxFI\/AAAAAAAA6zA\/-qljvAynGG89-HIirduP1Snz4QHVXlkYACLcBGAs\/s1600\/sesc.jpeg\" imageanchor=\"1\" style=\"margin-left: 1em; margin-right: 1em;\"><img loading=\"lazy\" decoding=\"async\" border=\"0\" data-original-height=\"576\" data-original-width=\"1024\" height=\"354\" src=\"http:\/\/blogdoedvaldomagalhaes.com.br\/wp-content\/uploads\/2018\/09\/sesc-1.jpeg\" width=\"640\" \/><\/a><\/div>\n<p><\/p>\n<div style=\"background-color: white; box-sizing: border-box; line-height: 24px; margin-bottom: 10px; text-align: justify;\">\nCom o objetivo de estimular a pr\u00e1tica do empreendedorismo e o incentivo \u00e0 inova\u00e7\u00e3o e criatividade no ambiente escolar, o Sesc Caruaru realiza nesta sexta (28) a 3\u00aa Feira Jovens Empreendedores Primeiros Passos (JEPP) com as turmas do Ensino Infantil, e do 1\u00ba ao 5\u00ba ano do Ensino Fundamental da Unidade. Ser\u00e3o comercializados produtos voltados para a gastronomia, lazer e utilidades, a partir das 8h30.<\/div>\n<div style=\"background-color: white; box-sizing: border-box; line-height: 24px; margin-bottom: 10px; text-align: justify;\">\nOs visitantes poder\u00e3o adquirir alimentos, temperos, ervas arom\u00e1ticas, brinquedos ecol\u00f3gicos e muito mais. Os alunos v\u00e3o oferecer ainda aos visitantes o servi\u00e7o de loca\u00e7\u00e3o de bicicletas, patins, patinetes e skates.<\/div>\n<div style=\"background-color: white; box-sizing: border-box; line-height: 24px; margin-bottom: 10px; text-align: justify;\">\nTudo o que ser\u00e1 exposto e comercializado \u00e9 fruto do trabalho did\u00e1tico e interdisciplinar que vem sendo realizado em sala de aula ao longo do ano letivo pelos estudantes e com orienta\u00e7\u00e3o dos professores.<\/div>\n<div style=\"background-color: white; box-sizing: border-box; line-height: 24px; margin-bottom: 10px; text-align: justify;\">\nA feira vai mostrar a produ\u00e7\u00e3o de cerca de 430 alunos que t\u00eam entre 3 a 12 anos. Os produtos ser\u00e3o vendidos ou locados a pre\u00e7os populares. Os valores arrecadados ser\u00e3o destinados ao custeio do projeto e para a realiza\u00e7\u00e3o de atividades l\u00fadicas desenvolvidas durante o ano.<\/div>\n","protected":false},"excerpt":{"rendered":"<p>Com o objetivo de estimular a pr\u00e1tica do empreendedorismo e o incentivo \u00e0 inova\u00e7\u00e3o e criatividade no ambiente escolar, o&hellip;<\/p>\n","protected":false},"author":1,"featured_media":0,"comment_status":"open","ping_status":"open","sticky":false,"template":"","format":"standard","meta":{"footnotes":""},"categories":[1],"tags":[2,6,1140],"class_list":["post-1183","post","type-post","status-publish","format-standard","hentry","category-sem-categoria","tag-blog-do-edvaldo-magalhaes","tag-noticias","tag-sesc-caruaru-realiza-3a-feira-de-jovens-empreendedores-primeiros-passos"],"_links":{"self":[{"href":"https:\/\/blogdoedvaldomagalhaes.com.br\/index.php\/wp-json\/wp\/v2\/posts\/1183","targetHints":{"allow":["GET"]}}],"collection":[{"href":"https:\/\/blogdoedvaldomagalhaes.com.br\/index.php\/wp-json\/wp\/v2\/posts"}],"about":[{"href":"https:\/\/blogdoedvaldomagalhaes.com.br\/index.php\/wp-json\/wp\/v2\/types\/post"}],"author":[{"embeddable":true,"href":"https:\/\/blogdoedvaldomagalhaes.com.br\/index.php\/wp-json\/wp\/v2\/users\/1"}],"replies":[{"embeddable":true,"href":"https:\/\/blogdoedvaldomagalhaes.com.br\/index.php\/wp-json\/wp\/v2\/comments?post=1183"}],"version-history":[{"count":1,"href":"https:\/\/blogdoedvaldomagalhaes.com.br\/index.php\/wp-json\/wp\/v2\/posts\/1183\/revisions"}],"predecessor-version":[{"id":34437,"href":"https:\/\/blogdoedvaldomagalhaes.com.br\/index.php\/wp-json\/wp\/v2\/posts\/1183\/revisions\/34437"}],"wp:attachment":[{"href":"https:\/\/blogdoedvaldomagalhaes.com.br\/index.php\/wp-json\/wp\/v2\/media?parent=1183"}],"wp:term":[{"taxonomy":"category","embeddable":true,"href":"https:\/\/blogdoedvaldomagalhaes.com.br\/index.php\/wp-json\/wp\/v2\/categories?post=1183"},{"taxonomy":"post_tag","embeddable":true,"href":"https:\/\/blogdoedvaldomagalhaes.com.br\/index.php\/wp-json\/wp\/v2\/tags?post=1183"}],"curies":[{"name":"wp","href":"https:\/\/api.w.org\/{rel}","templated":true}]}}