{"id":1182,"date":"2018-09-28T15:36:00","date_gmt":"2018-09-28T18:36:00","guid":{"rendered":"http:\/\/blogdoedvaldomagalhaes.com.br\/index.php\/2018\/09\/28\/marilia-arraes-e-teresa-leitao\/"},"modified":"2019-02-09T02:32:47","modified_gmt":"2019-02-09T04:32:47","slug":"marilia-arraes-e-teresa-leitao","status":"publish","type":"post","link":"https:\/\/blogdoedvaldomagalhaes.com.br\/index.php\/2018\/09\/28\/marilia-arraes-e-teresa-leitao\/","title":{"rendered":"Mar\u00edlia Arraes e Teresa Leit\u00e3o participam de carreata em Caruaru neste s\u00e1bado (30)"},"content":{"rendered":"<div class=\"separator\" style=\"clear: both; text-align: center;\">\n<a href=\"https:\/\/3.bp.blogspot.com\/-5PvGX25bLsg\/W65Ml5JPuwI\/AAAAAAAA6zw\/oDZzF_UmPlYbrIVRmD-npyIm1cm90IySACLcBGAs\/s1600\/eles.jpg\" imageanchor=\"1\" style=\"margin-left: 1em; margin-right: 1em;\"><img loading=\"lazy\" decoding=\"async\" border=\"0\" data-original-height=\"245\" data-original-width=\"512\" height=\"306\" src=\"http:\/\/blogdoedvaldomagalhaes.com.br\/wp-content\/uploads\/2018\/09\/eles-7.jpg\" width=\"640\" \/><\/a><\/div>\n<div class=\"separator\" style=\"clear: both; text-align: center;\">\n<\/div>\n<div style=\"background-color: white; text-align: justify;\">\n<\/div>\n<div style=\"background-color: white; text-align: justify;\">\nAcontece na manh\u00e3 deste s\u00e1bado (29), carreata com a candidata \u00e0 deputada federal Mar\u00edlia Arraes e a candidata \u00e0 reelei\u00e7\u00e3o para deputada estadual, Teresa Leit\u00e3o.<\/div>\n<div style=\"background-color: white; text-align: justify;\">\n<\/div>\n<div style=\"background-color: white; text-align: justify;\">\nAtendendo ao convite do vereador Daniel Finizola (PT), as candidatas v\u00eam para Caruaru para reafirmar o seu compromisso com a popula\u00e7\u00e3o caruaruense e tamb\u00e9m para fortalecer a candidatura com crescente for\u00e7a de Fernando Haddad para a presid\u00eancia da Rep\u00fablica.<\/div>\n<div style=\"background-color: white; text-align: justify;\">\n<\/div>\n<div style=\"background-color: white; text-align: justify;\">\n&#8220;Eu sou um entusiasta das candidaturas da companheiras. Duas mulheres combativas, resistentes e que v\u00eam construindo uma pol\u00edtica justa, alinhada com o que o partido dos trabalhadores e das trabalhadoras defende. Traz\u00ea-las para Caruaru \u00e9 uma satisfa\u00e7\u00e3o&#8221;, disse Daniel Finizola.<\/div>\n","protected":false},"excerpt":{"rendered":"<p>Acontece na manh\u00e3 deste s\u00e1bado (29), carreata com a candidata \u00e0 deputada federal Mar\u00edlia Arraes e a candidata \u00e0 reelei\u00e7\u00e3o&hellip;<\/p>\n","protected":false},"author":1,"featured_media":0,"comment_status":"open","ping_status":"open","sticky":false,"template":"","format":"standard","meta":{"footnotes":""},"categories":[1],"tags":[2,1139,20],"class_list":["post-1182","post","type-post","status-publish","format-standard","hentry","category-sem-categoria","tag-blog-do-edvaldo-magalhaes","tag-marilia-arraes-e-teresa-leitao-participam-de-carreata-em-caruaru-neste-sabado-30","tag-politica"],"_links":{"self":[{"href":"https:\/\/blogdoedvaldomagalhaes.com.br\/index.php\/wp-json\/wp\/v2\/posts\/1182","targetHints":{"allow":["GET"]}}],"collection":[{"href":"https:\/\/blogdoedvaldomagalhaes.com.br\/index.php\/wp-json\/wp\/v2\/posts"}],"about":[{"href":"https:\/\/blogdoedvaldomagalhaes.com.br\/index.php\/wp-json\/wp\/v2\/types\/post"}],"author":[{"embeddable":true,"href":"https:\/\/blogdoedvaldomagalhaes.com.br\/index.php\/wp-json\/wp\/v2\/users\/1"}],"replies":[{"embeddable":true,"href":"https:\/\/blogdoedvaldomagalhaes.com.br\/index.php\/wp-json\/wp\/v2\/comments?post=1182"}],"version-history":[{"count":1,"href":"https:\/\/blogdoedvaldomagalhaes.com.br\/index.php\/wp-json\/wp\/v2\/posts\/1182\/revisions"}],"predecessor-version":[{"id":34439,"href":"https:\/\/blogdoedvaldomagalhaes.com.br\/index.php\/wp-json\/wp\/v2\/posts\/1182\/revisions\/34439"}],"wp:attachment":[{"href":"https:\/\/blogdoedvaldomagalhaes.com.br\/index.php\/wp-json\/wp\/v2\/media?parent=1182"}],"wp:term":[{"taxonomy":"category","embeddable":true,"href":"https:\/\/blogdoedvaldomagalhaes.com.br\/index.php\/wp-json\/wp\/v2\/categories?post=1182"},{"taxonomy":"post_tag","embeddable":true,"href":"https:\/\/blogdoedvaldomagalhaes.com.br\/index.php\/wp-json\/wp\/v2\/tags?post=1182"}],"curies":[{"name":"wp","href":"https:\/\/api.w.org\/{rel}","templated":true}]}}