{"id":1181,"date":"2018-09-28T15:41:00","date_gmt":"2018-09-28T18:41:00","guid":{"rendered":"http:\/\/blogdoedvaldomagalhaes.com.br\/index.php\/2018\/09\/28\/allysson-monteiro-inaugura-novo-centro\/"},"modified":"2019-02-09T02:32:48","modified_gmt":"2019-02-09T04:32:48","slug":"allysson-monteiro-inaugura-novo-centro","status":"publish","type":"post","link":"https:\/\/blogdoedvaldomagalhaes.com.br\/index.php\/2018\/09\/28\/allysson-monteiro-inaugura-novo-centro\/","title":{"rendered":"Allysson Monteiro inaugura novo Centro Odontol\u00f3gico"},"content":{"rendered":"<div class=\"separator\" style=\"clear: both; text-align: center;\">\n<a href=\"https:\/\/4.bp.blogspot.com\/-I7oms6Pj0es\/W65LVa89n8I\/AAAAAAAA6zc\/fkNJJ4VYx9giI4qT7ipOcFDT4F-lq2znACLcBGAs\/s1600\/1.JPG\" imageanchor=\"1\" style=\"margin-left: 1em; margin-right: 1em;\"><img loading=\"lazy\" decoding=\"async\" border=\"0\" data-original-height=\"1067\" data-original-width=\"1600\" height=\"426\" src=\"http:\/\/blogdoedvaldomagalhaes.com.br\/wp-content\/uploads\/2018\/09\/1-10.jpg\" width=\"640\" \/><\/a><\/div>\n<div class=\"separator\" style=\"clear: both; text-align: center;\">\n<\/div>\n<div class=\"separator\" style=\"clear: both; text-align: justify;\">\nAs novas instala\u00e7\u00f5es do Centro Odontol\u00f3gico Dr. Allysson Monteiro foram inauguradas nesta quinta-feira (27). Localizado no Luiz Gonzaga, o novo ambiente conta com uma estrutura diferenciada e moderna para receber o p\u00fablico de Caruaru e regi\u00e3o.<\/div>\n<div class=\"separator\" style=\"clear: both; text-align: justify;\">\n<\/div>\n<div class=\"separator\" style=\"clear: both; text-align: justify;\">\nA cl\u00ednica conta com um centro cir\u00fargico, sala de recupera\u00e7\u00e3o, sala de esteriliza\u00e7\u00e3o, vesti\u00e1rio, copa e lavanderia. S\u00e3o dois consult\u00f3rios odontol\u00f3gicos, para atendimentos mais comuns e um laborat\u00f3rio de pr\u00f3teses. Uma recep\u00e7\u00e3o ampla e confort\u00e1vel e uma sala de espera reservada. Assim, o paciente que precisar de mais privacidade, vai poder usufruir desta comodidade (trabalhando enquanto espera, por exemplo). Ainda, banheiros (inclusive um com acessibilidade) e uma sala administrativa. Outra vantagem do espa\u00e7o \u00e9 a facilidade de vagas para estacionar.<\/div>\n<div class=\"separator\" style=\"clear: both; text-align: justify;\">\n<\/div>\n<div class=\"separator\" style=\"clear: both; text-align: justify;\">\nGra\u00e7as a esta estrutura, o Centro Odontol\u00f3gico oferece aos clientes uma cartela diversificada de tratamentos e servi\u00e7os, direcionados para toda a fam\u00edlia. Entre eles, est\u00e3o: implante, enxertos, pr\u00f3tese sobre implante, tratamento de gengiva (periodontia), restaura\u00e7\u00e3o, RX, limpeza (profilaxia), raspagem, extra\u00e7\u00e3o (exodontia), canal (endodontia), clareamento, pr\u00f3tese parcial e total (fixa e remov\u00edvel), coroas, facetas e lentes de contato, tratamento de ATM, tratamento de bruxismo, bichectomia, seda\u00e7\u00e3o consciente de \u00f3xido nitroso e odontologia legal.<\/div>\n<div class=\"separator\" style=\"clear: both; text-align: justify;\">\n<\/div>\n<div class=\"separator\" style=\"clear: both; text-align: center;\">\n<a href=\"https:\/\/4.bp.blogspot.com\/-pf8S2Ku7lBg\/W65LnFj1VUI\/AAAAAAAA6zk\/0XCkwZE3cowmA2vDvaPqa3fW2xQECcluACLcBGAs\/s1600\/2.JPG\" imageanchor=\"1\" style=\"margin-left: 1em; margin-right: 1em;\"><img loading=\"lazy\" decoding=\"async\" border=\"0\" data-original-height=\"1067\" data-original-width=\"1600\" height=\"426\" src=\"http:\/\/blogdoedvaldomagalhaes.com.br\/wp-content\/uploads\/2018\/09\/2-12.jpg\" width=\"640\" \/><\/a><\/div>\n<div class=\"separator\" style=\"clear: both; text-align: center;\">\n<\/div>\n<div class=\"separator\" style=\"clear: both; text-align: justify;\">\nFormado em Odontologia pela Faculdade de Odontologia de Caruaru (FOC), atual Centro Universit\u00e1rio Tabosa de Almeida (Asces-Unita), Allysson Monteiro tem especializa\u00e7\u00e3o em Odontologia Legal e em Implantodontia (tamb\u00e9m pela Asces-Unita).<\/div>\n<div class=\"separator\" style=\"clear: both; text-align: justify;\">\n<\/div>\n<div class=\"separator\" style=\"clear: both; text-align: justify;\">\nAtua h\u00e1 mais de 21 anos no mercado caruaruense, \u00e9 reconhecido pelo profissionalismo e por um olhar vision\u00e1rio em rela\u00e7\u00e3o aos neg\u00f3cios neste seguimento. Na Para\u00edba, \u00e9 refer\u00eancia em Odontologia Legal, atuando como perito oficial na \u00e1rea.<\/div>\n<div class=\"separator\" style=\"clear: both; text-align: justify;\">\n<\/div>\n<div class=\"separator\" style=\"clear: both; text-align: justify;\">\nAllysson destaca os motivos para um investimento deste porte em Caruaru. \u201cVejo a odontologia como algo maior. Ent\u00e3o, esta cl\u00ednica foi pensada com esta vis\u00e3o de valoriza\u00e7\u00e3o do mercado. H\u00e1 espa\u00e7os no Centro Odontol\u00f3gico Dr. Allysson Monteiro que s\u00f3 hospitais teriam. Como, por exemplo, um centro cir\u00fargico com 25 metros quadrados (suficiente para realizar pequenas e medias cirurgias) e uma sala de recupera\u00e7\u00e3o. O que pensava como ideal para oferecer servi\u00e7os odontol\u00f3gicos, busquei colocar em pr\u00e1tica, oferecendo ao cliente toda comodidade necess\u00e1ria para um bom tratamento. A estrutura foi pensada para se transformar em refer\u00eancia na cidade\u201d, afirma.<\/div>\n<div class=\"separator\" style=\"clear: both; text-align: justify;\">\n<\/div>\n<div class=\"separator\" style=\"clear: both; text-align: justify;\">\nA administradora da cl\u00ednica, Fl\u00e1via Monteiro, destaca algumas das vantagens. \u201cInvestimos em equipamentos de \u00faltima gera\u00e7\u00e3o, para esse novo espa\u00e7o. Fizemos aquisi\u00e7\u00e3o de duas novas cadeiras alem\u00e3s, que v\u00e3o oferecer aos clientes conforto na hora do atendimento. Oferecemos, desde de 2009, um servi\u00e7o diferenciado. Fomos pioneiros em Caruaru na oferta de tratamentos usando a c\u00e2mera intraoral. Com esta tecnologia, o paciente pode acompanhar o tratamento ao vivo. Isso tamb\u00e9m permite mais transpar\u00eancia na hora de fechar o or\u00e7amento, porque o cliente visualiza a situa\u00e7\u00e3o de cada um dos dentes\u201d, aponta.<\/div>\n<div class=\"separator\" style=\"clear: both; text-align: justify;\">\n<\/div>\n<div class=\"separator\" style=\"clear: both; text-align: justify;\">\nO Centro Odontol\u00f3gico Dr. Allysson Monteiro funciona na Rua Benedito Formiga, 920, no bairro Luiz Gonzaga. O atendimento acontece de ter\u00e7a a sexta-feira, das 8h \u00e0s 11h, e das 13h \u00e0s 17h. O agendamento tamb\u00e9m pode ser feito por telefone: (81) 3045-4003.&nbsp;&nbsp;<\/div>\n<div class=\"separator\" style=\"clear: both; text-align: justify;\">\n<\/div>\n","protected":false},"excerpt":{"rendered":"<p>As novas instala\u00e7\u00f5es do Centro Odontol\u00f3gico Dr. Allysson Monteiro foram inauguradas nesta quinta-feira (27). Localizado no Luiz Gonzaga, o novo&hellip;<\/p>\n","protected":false},"author":1,"featured_media":0,"comment_status":"open","ping_status":"open","sticky":false,"template":"","format":"standard","meta":{"footnotes":""},"categories":[1],"tags":[1138,2,6],"class_list":["post-1181","post","type-post","status-publish","format-standard","hentry","category-sem-categoria","tag-allysson-monteiro-inaugura-novo-centro-odontologico","tag-blog-do-edvaldo-magalhaes","tag-noticias"],"_links":{"self":[{"href":"https:\/\/blogdoedvaldomagalhaes.com.br\/index.php\/wp-json\/wp\/v2\/posts\/1181","targetHints":{"allow":["GET"]}}],"collection":[{"href":"https:\/\/blogdoedvaldomagalhaes.com.br\/index.php\/wp-json\/wp\/v2\/posts"}],"about":[{"href":"https:\/\/blogdoedvaldomagalhaes.com.br\/index.php\/wp-json\/wp\/v2\/types\/post"}],"author":[{"embeddable":true,"href":"https:\/\/blogdoedvaldomagalhaes.com.br\/index.php\/wp-json\/wp\/v2\/users\/1"}],"replies":[{"embeddable":true,"href":"https:\/\/blogdoedvaldomagalhaes.com.br\/index.php\/wp-json\/wp\/v2\/comments?post=1181"}],"version-history":[{"count":1,"href":"https:\/\/blogdoedvaldomagalhaes.com.br\/index.php\/wp-json\/wp\/v2\/posts\/1181\/revisions"}],"predecessor-version":[{"id":34442,"href":"https:\/\/blogdoedvaldomagalhaes.com.br\/index.php\/wp-json\/wp\/v2\/posts\/1181\/revisions\/34442"}],"wp:attachment":[{"href":"https:\/\/blogdoedvaldomagalhaes.com.br\/index.php\/wp-json\/wp\/v2\/media?parent=1181"}],"wp:term":[{"taxonomy":"category","embeddable":true,"href":"https:\/\/blogdoedvaldomagalhaes.com.br\/index.php\/wp-json\/wp\/v2\/categories?post=1181"},{"taxonomy":"post_tag","embeddable":true,"href":"https:\/\/blogdoedvaldomagalhaes.com.br\/index.php\/wp-json\/wp\/v2\/tags?post=1181"}],"curies":[{"name":"wp","href":"https:\/\/api.w.org\/{rel}","templated":true}]}}