{"id":117990,"date":"2025-03-28T17:54:39","date_gmt":"2025-03-28T20:54:39","guid":{"rendered":"https:\/\/blogdoedvaldomagalhaes.com.br\/?p=117990"},"modified":"2025-03-28T17:57:19","modified_gmt":"2025-03-28T20:57:19","slug":"mercado-cultural-casa-rosa-realiza-programacao-de-forro-neste-fim-de-semana","status":"publish","type":"post","link":"https:\/\/blogdoedvaldomagalhaes.com.br\/index.php\/2025\/03\/28\/mercado-cultural-casa-rosa-realiza-programacao-de-forro-neste-fim-de-semana\/","title":{"rendered":"Mercado Cultural Casa Rosa realiza programa\u00e7\u00e3o de forr\u00f3 neste fim de semana"},"content":{"rendered":"<p>Neste fim de semana, o Mercado Cultural Casa Rosa, em Caruaru, realizar\u00e1 uma programa\u00e7\u00e3o especial com quatro shows de forr\u00f3. No s\u00e1bado (29), o espa\u00e7o recebe apresenta\u00e7\u00f5es de Bita Dantas e Totonho. No domingo (30), se apresentar\u00e3o Derso Luiz e Elga Nunes.<\/p>\n<p>Al\u00e9m dos shows, o Mercado conta com espa\u00e7o infantil e 12 quiosques de servi\u00e7os variados, como cacha\u00e7aria, botecos e petiscarias. Localizado no Parque 18 de Maio, no cora\u00e7\u00e3o da Feira de Caruaru, o espa\u00e7o funciona aos s\u00e1bados, domingos e feriados, das 12h \u00e0s 18h.<\/p>\n<p>Confira a programa\u00e7\u00e3o para este fim de semana:<\/p>\n<p>\u00b7 S\u00e1bado (29)<br \/>\n13h &#8211; Bita Dantas<br \/>\n15h &#8211; Totonho<\/p>\n<p>\u00b7 Domingo (30)<br \/>\n13h &#8211; Derso Luiz<br \/>\n15h &#8211; Elga Nunes<br \/>\nSeja seguidor do Instagram do Blog pelo @blogdoedvaldomagalhaes<br \/>\nFoto: Divulga\u00e7\u00e3o<\/p>\n","protected":false},"excerpt":{"rendered":"<p>Neste fim de semana, o Mercado Cultural Casa Rosa, em Caruaru, realizar\u00e1 uma programa\u00e7\u00e3o especial com quatro shows de forr\u00f3.&hellip;<\/p>\n","protected":false},"author":1,"featured_media":117992,"comment_status":"closed","ping_status":"open","sticky":false,"template":"","format":"standard","meta":{"footnotes":""},"categories":[14120],"tags":[30253,30592,2,28801,33131],"class_list":["post-117990","post","type-post","status-publish","format-standard","has-post-thumbnail","hentry","category-noticias","tag-blog-caruaru","tag-blog-com-mais-seguidores","tag-blog-do-edvaldo-magalhaes","tag-blog-mais-acessado","tag-mercado-cultural-casa-rosa-realiza-programacao-de-forro-neste-fim-de-semana"],"_links":{"self":[{"href":"https:\/\/blogdoedvaldomagalhaes.com.br\/index.php\/wp-json\/wp\/v2\/posts\/117990","targetHints":{"allow":["GET"]}}],"collection":[{"href":"https:\/\/blogdoedvaldomagalhaes.com.br\/index.php\/wp-json\/wp\/v2\/posts"}],"about":[{"href":"https:\/\/blogdoedvaldomagalhaes.com.br\/index.php\/wp-json\/wp\/v2\/types\/post"}],"author":[{"embeddable":true,"href":"https:\/\/blogdoedvaldomagalhaes.com.br\/index.php\/wp-json\/wp\/v2\/users\/1"}],"replies":[{"embeddable":true,"href":"https:\/\/blogdoedvaldomagalhaes.com.br\/index.php\/wp-json\/wp\/v2\/comments?post=117990"}],"version-history":[{"count":2,"href":"https:\/\/blogdoedvaldomagalhaes.com.br\/index.php\/wp-json\/wp\/v2\/posts\/117990\/revisions"}],"predecessor-version":[{"id":117993,"href":"https:\/\/blogdoedvaldomagalhaes.com.br\/index.php\/wp-json\/wp\/v2\/posts\/117990\/revisions\/117993"}],"wp:featuredmedia":[{"embeddable":true,"href":"https:\/\/blogdoedvaldomagalhaes.com.br\/index.php\/wp-json\/wp\/v2\/media\/117992"}],"wp:attachment":[{"href":"https:\/\/blogdoedvaldomagalhaes.com.br\/index.php\/wp-json\/wp\/v2\/media?parent=117990"}],"wp:term":[{"taxonomy":"category","embeddable":true,"href":"https:\/\/blogdoedvaldomagalhaes.com.br\/index.php\/wp-json\/wp\/v2\/categories?post=117990"},{"taxonomy":"post_tag","embeddable":true,"href":"https:\/\/blogdoedvaldomagalhaes.com.br\/index.php\/wp-json\/wp\/v2\/tags?post=117990"}],"curies":[{"name":"wp","href":"https:\/\/api.w.org\/{rel}","templated":true}]}}