{"id":117987,"date":"2025-03-28T17:48:24","date_gmt":"2025-03-28T20:48:24","guid":{"rendered":"https:\/\/blogdoedvaldomagalhaes.com.br\/?p=117987"},"modified":"2025-03-28T17:48:24","modified_gmt":"2025-03-28T20:48:24","slug":"7a-edicao-do-amor-down-sera-realizada-em-caruaru-neste-domingo-30","status":"publish","type":"post","link":"https:\/\/blogdoedvaldomagalhaes.com.br\/index.php\/2025\/03\/28\/7a-edicao-do-amor-down-sera-realizada-em-caruaru-neste-domingo-30\/","title":{"rendered":"7\u00aa edi\u00e7\u00e3o do Amor Down ser\u00e1 realizada em Caruaru neste domingo (30)"},"content":{"rendered":"<p>Neste domingo dia 30 de mar\u00e7o, ser\u00e1 realizada a 7\u00aa edi\u00e7\u00e3o do Amor Down. A a\u00e7\u00e3o, que \u00e9 aberta ao p\u00fablico, acontecer\u00e1 a partir das 14h, na nova Pra\u00e7a de Eventos do Caruaru Shopping. <\/p>\n<p>Estar\u00e3o participando do encontro crian\u00e7as e jovens com defici\u00eancia intelectual e m\u00faltipla, com patologias variadas, como s\u00edndrome de Down, microcefalia, hidrocefalia, atraso no desenvolvimento neuropsicomotor (DNPM), entre outras s\u00edndromes raras.<\/p>\n<p>Na ocasi\u00e3o haver\u00e1 v\u00e1rias atividades divertidas e lindas apresenta\u00e7\u00f5es de dan\u00e7a e m\u00fasica, realizadas por pessoas que t\u00eam s\u00edndrome de Down. As crian\u00e7as poder\u00e3o participar de um desfile de fantasia infantil, se divertir com palha\u00e7os, escolher lindos modelos para fazer pinturinha facial, bem como andar no Trenzinho da Alegria. Tudo regado a muita pipoca e algod\u00e3o doce\u201d.<\/p>\n<p>O Amor Down \u00e9 uma realiza\u00e7\u00e3o conjunta entre as unidades da Apae (Associa\u00e7\u00e3o dos Pais e Amigos dos Excepcionais) de Caruaru, Garanhuns, Serra Talhada e Agrestina, com apoio tamb\u00e9m da McDonalds. A institui\u00e7\u00e3o tem como miss\u00e3o promover e articular a\u00e7\u00f5es de defesa dos direitos das pessoas com defici\u00eancia e representar o movimento perante os organismos nacionais e internacionais, na perspectiva da inclus\u00e3o social. <\/p>\n<p>O Caruaru Shopping fica localizado na Avenida Adjar da Silva Cas\u00e9, 800, Bairro Indian\u00f3polis. Foto: Divulga\u00e7\u00e3o<br \/>\nSiga o Instagram do Blog pelo @blogdoedvaldomagalhaes<\/p>\n","protected":false},"excerpt":{"rendered":"<p>Neste domingo dia 30 de mar\u00e7o, ser\u00e1 realizada a 7\u00aa edi\u00e7\u00e3o do Amor Down. A a\u00e7\u00e3o, que \u00e9 aberta ao&hellip;<\/p>\n","protected":false},"author":1,"featured_media":117988,"comment_status":"closed","ping_status":"open","sticky":false,"template":"","format":"standard","meta":{"footnotes":""},"categories":[14120],"tags":[33130,32401,29440,27410,13146],"class_list":["post-117987","post","type-post","status-publish","format-standard","has-post-thumbnail","hentry","category-noticias","tag-7a-edicao-do-amor-down-sera-realizada-em-caruaru-neste-domingo-30","tag-blog-com-mais-acessos","tag-blog-com-mais-visualizacao","tag-blog-de-caruaru","tag-blog-edvaldo-magalhaes"],"_links":{"self":[{"href":"https:\/\/blogdoedvaldomagalhaes.com.br\/index.php\/wp-json\/wp\/v2\/posts\/117987","targetHints":{"allow":["GET"]}}],"collection":[{"href":"https:\/\/blogdoedvaldomagalhaes.com.br\/index.php\/wp-json\/wp\/v2\/posts"}],"about":[{"href":"https:\/\/blogdoedvaldomagalhaes.com.br\/index.php\/wp-json\/wp\/v2\/types\/post"}],"author":[{"embeddable":true,"href":"https:\/\/blogdoedvaldomagalhaes.com.br\/index.php\/wp-json\/wp\/v2\/users\/1"}],"replies":[{"embeddable":true,"href":"https:\/\/blogdoedvaldomagalhaes.com.br\/index.php\/wp-json\/wp\/v2\/comments?post=117987"}],"version-history":[{"count":1,"href":"https:\/\/blogdoedvaldomagalhaes.com.br\/index.php\/wp-json\/wp\/v2\/posts\/117987\/revisions"}],"predecessor-version":[{"id":117989,"href":"https:\/\/blogdoedvaldomagalhaes.com.br\/index.php\/wp-json\/wp\/v2\/posts\/117987\/revisions\/117989"}],"wp:featuredmedia":[{"embeddable":true,"href":"https:\/\/blogdoedvaldomagalhaes.com.br\/index.php\/wp-json\/wp\/v2\/media\/117988"}],"wp:attachment":[{"href":"https:\/\/blogdoedvaldomagalhaes.com.br\/index.php\/wp-json\/wp\/v2\/media?parent=117987"}],"wp:term":[{"taxonomy":"category","embeddable":true,"href":"https:\/\/blogdoedvaldomagalhaes.com.br\/index.php\/wp-json\/wp\/v2\/categories?post=117987"},{"taxonomy":"post_tag","embeddable":true,"href":"https:\/\/blogdoedvaldomagalhaes.com.br\/index.php\/wp-json\/wp\/v2\/tags?post=117987"}],"curies":[{"name":"wp","href":"https:\/\/api.w.org\/{rel}","templated":true}]}}