{"id":117980,"date":"2025-03-28T10:17:15","date_gmt":"2025-03-28T13:17:15","guid":{"rendered":"https:\/\/blogdoedvaldomagalhaes.com.br\/?p=117980"},"modified":"2025-03-28T10:17:15","modified_gmt":"2025-03-28T13:17:15","slug":"autarquia-de-mobilidade-de-caruaru-realiza-implantacao-de-novas-sinalizacoes-para-motocicletas-nos-semaforos","status":"publish","type":"post","link":"https:\/\/blogdoedvaldomagalhaes.com.br\/index.php\/2025\/03\/28\/autarquia-de-mobilidade-de-caruaru-realiza-implantacao-de-novas-sinalizacoes-para-motocicletas-nos-semaforos\/","title":{"rendered":"Autarquia de Mobilidade de Caruaru realiza implanta\u00e7\u00e3o de novas sinaliza\u00e7\u00f5es para motocicletas nos sem\u00e1foros"},"content":{"rendered":"<p>A Autarquia de Mobilidade de Caruaru (AMC), segue realizando a\u00e7\u00f5es para garantir mais seguran\u00e7a aos condutores da Capital do Agreste. A AMC est\u00e1 implantando a sinaliza\u00e7\u00e3o de Bols\u00e3o de Motocicletas com Segunda Linha de Reten\u00e7\u00e3o (SIB). A execu\u00e7\u00e3o \u00e9 uma resposta direta a uma das necessidades identificadas no relat\u00f3rio de seguran\u00e7a vi\u00e1ria desenvolvido pela AMC em 2024. <\/p>\n<p>Com a implanta\u00e7\u00e3o do SIB, as motocicletas ficar\u00e3o em uma \u00e1rea de espera definida. \u201cEssa sinaliza\u00e7\u00e3o foi criada para indicar uma \u00e1rea exclusiva e segura para as motocicletas aguardarem na aproxima\u00e7\u00e3o do sem\u00e1foro. Com isso, garantimos que as motos tenham um espa\u00e7o pr\u00f3prio, separado do tr\u00e1fego dos carros, aumentando a seguran\u00e7a dos motociclistas\u201d, pontuou o Presidente da AMC, Coronel Edson Nobrega.<\/p>\n<p>Em conjunto com a sinaliza\u00e7\u00e3o SIB, a AMC tamb\u00e9m est\u00e1 realizando a requalifica\u00e7\u00e3o das faixas de pedestres nas \u00e1reas centrais de Caruaru. Isso vai garantir um tr\u00e1fego mais seguro para todos.<br \/>\nSiga o Instagram do Blog pelo @blogdoedvaldomagalhaes<br \/>\nFoto: Rafael Moreira<\/p>\n","protected":false},"excerpt":{"rendered":"<p>A Autarquia de Mobilidade de Caruaru (AMC), segue realizando a\u00e7\u00f5es para garantir mais seguran\u00e7a aos condutores da Capital do Agreste.&hellip;<\/p>\n","protected":false},"author":1,"featured_media":117981,"comment_status":"closed","ping_status":"open","sticky":false,"template":"","format":"standard","meta":{"footnotes":""},"categories":[14120],"tags":[33128,28803,27410,13146,28801],"class_list":["post-117980","post","type-post","status-publish","format-standard","has-post-thumbnail","hentry","category-noticias","tag-autarquia-de-mobilidade-de-caruaru-realiza-implantacao-de-novas-sinalizacoes-para-motocicletas-nos-semaforos","tag-blog-com-mais-visualizacoes","tag-blog-de-caruaru","tag-blog-edvaldo-magalhaes","tag-blog-mais-acessado"],"_links":{"self":[{"href":"https:\/\/blogdoedvaldomagalhaes.com.br\/index.php\/wp-json\/wp\/v2\/posts\/117980","targetHints":{"allow":["GET"]}}],"collection":[{"href":"https:\/\/blogdoedvaldomagalhaes.com.br\/index.php\/wp-json\/wp\/v2\/posts"}],"about":[{"href":"https:\/\/blogdoedvaldomagalhaes.com.br\/index.php\/wp-json\/wp\/v2\/types\/post"}],"author":[{"embeddable":true,"href":"https:\/\/blogdoedvaldomagalhaes.com.br\/index.php\/wp-json\/wp\/v2\/users\/1"}],"replies":[{"embeddable":true,"href":"https:\/\/blogdoedvaldomagalhaes.com.br\/index.php\/wp-json\/wp\/v2\/comments?post=117980"}],"version-history":[{"count":1,"href":"https:\/\/blogdoedvaldomagalhaes.com.br\/index.php\/wp-json\/wp\/v2\/posts\/117980\/revisions"}],"predecessor-version":[{"id":117982,"href":"https:\/\/blogdoedvaldomagalhaes.com.br\/index.php\/wp-json\/wp\/v2\/posts\/117980\/revisions\/117982"}],"wp:featuredmedia":[{"embeddable":true,"href":"https:\/\/blogdoedvaldomagalhaes.com.br\/index.php\/wp-json\/wp\/v2\/media\/117981"}],"wp:attachment":[{"href":"https:\/\/blogdoedvaldomagalhaes.com.br\/index.php\/wp-json\/wp\/v2\/media?parent=117980"}],"wp:term":[{"taxonomy":"category","embeddable":true,"href":"https:\/\/blogdoedvaldomagalhaes.com.br\/index.php\/wp-json\/wp\/v2\/categories?post=117980"},{"taxonomy":"post_tag","embeddable":true,"href":"https:\/\/blogdoedvaldomagalhaes.com.br\/index.php\/wp-json\/wp\/v2\/tags?post=117980"}],"curies":[{"name":"wp","href":"https:\/\/api.w.org\/{rel}","templated":true}]}}