{"id":117974,"date":"2025-03-28T08:58:20","date_gmt":"2025-03-28T11:58:20","guid":{"rendered":"https:\/\/blogdoedvaldomagalhaes.com.br\/?p=117974"},"modified":"2025-03-28T08:58:20","modified_gmt":"2025-03-28T11:58:20","slug":"motociclista-morre-apos-colisao-frontal-com-caminhao-na-br-232","status":"publish","type":"post","link":"https:\/\/blogdoedvaldomagalhaes.com.br\/index.php\/2025\/03\/28\/motociclista-morre-apos-colisao-frontal-com-caminhao-na-br-232\/","title":{"rendered":"Motociclista morre ap\u00f3s colis\u00e3o frontal com caminh\u00e3o na BR 232"},"content":{"rendered":"<p>O sinistro de tr\u00e2nsito ocorreu por volta das 22h10, dessa quinta-feira (27.03), no Km 406 da BR 232 em Serra Talhada.<\/p>\n<p>Foi uma colis\u00e3o frontal entre um caminh\u00e3o e uma motocicleta. A suspeita \u00e9 de que o caminh\u00e3o entrou na contram\u00e3o da rodovia. O condutor da moto faleceu no local.<\/p>\n<p>O motorista do caminh\u00e3o saiu do local antes da viatura chegar, mas a equipe da PRF conseguiu localizar ele e o encaminhou pra Delegacia de Pol\u00edcia Civil, que vai investigar o caso. O motorista realizou o teste do baf\u00f4metro e o resultado foi normal. Foto: Divulga\u00e7\u00e3o\/PRF<br \/>\nSiga o Instagram do Blog pelo @blogdoedvaldomagalhaes<\/p>\n","protected":false},"excerpt":{"rendered":"<p>O sinistro de tr\u00e2nsito ocorreu por volta das 22h10, dessa quinta-feira (27.03), no Km 406 da BR 232 em Serra&hellip;<\/p>\n","protected":false},"author":1,"featured_media":117975,"comment_status":"closed","ping_status":"open","sticky":false,"template":"","format":"standard","meta":{"footnotes":""},"categories":[14120],"tags":[29440,27410,2,28801,33126],"class_list":["post-117974","post","type-post","status-publish","format-standard","has-post-thumbnail","hentry","category-noticias","tag-blog-com-mais-visualizacao","tag-blog-de-caruaru","tag-blog-do-edvaldo-magalhaes","tag-blog-mais-acessado","tag-motociclista-morre-apos-colisao-frontal-com-caminhao-na-br-232"],"_links":{"self":[{"href":"https:\/\/blogdoedvaldomagalhaes.com.br\/index.php\/wp-json\/wp\/v2\/posts\/117974","targetHints":{"allow":["GET"]}}],"collection":[{"href":"https:\/\/blogdoedvaldomagalhaes.com.br\/index.php\/wp-json\/wp\/v2\/posts"}],"about":[{"href":"https:\/\/blogdoedvaldomagalhaes.com.br\/index.php\/wp-json\/wp\/v2\/types\/post"}],"author":[{"embeddable":true,"href":"https:\/\/blogdoedvaldomagalhaes.com.br\/index.php\/wp-json\/wp\/v2\/users\/1"}],"replies":[{"embeddable":true,"href":"https:\/\/blogdoedvaldomagalhaes.com.br\/index.php\/wp-json\/wp\/v2\/comments?post=117974"}],"version-history":[{"count":1,"href":"https:\/\/blogdoedvaldomagalhaes.com.br\/index.php\/wp-json\/wp\/v2\/posts\/117974\/revisions"}],"predecessor-version":[{"id":117976,"href":"https:\/\/blogdoedvaldomagalhaes.com.br\/index.php\/wp-json\/wp\/v2\/posts\/117974\/revisions\/117976"}],"wp:featuredmedia":[{"embeddable":true,"href":"https:\/\/blogdoedvaldomagalhaes.com.br\/index.php\/wp-json\/wp\/v2\/media\/117975"}],"wp:attachment":[{"href":"https:\/\/blogdoedvaldomagalhaes.com.br\/index.php\/wp-json\/wp\/v2\/media?parent=117974"}],"wp:term":[{"taxonomy":"category","embeddable":true,"href":"https:\/\/blogdoedvaldomagalhaes.com.br\/index.php\/wp-json\/wp\/v2\/categories?post=117974"},{"taxonomy":"post_tag","embeddable":true,"href":"https:\/\/blogdoedvaldomagalhaes.com.br\/index.php\/wp-json\/wp\/v2\/tags?post=117974"}],"curies":[{"name":"wp","href":"https:\/\/api.w.org\/{rel}","templated":true}]}}