{"id":117971,"date":"2025-03-28T08:50:28","date_gmt":"2025-03-28T11:50:28","guid":{"rendered":"https:\/\/blogdoedvaldomagalhaes.com.br\/?p=117971"},"modified":"2025-03-28T08:50:28","modified_gmt":"2025-03-28T11:50:28","slug":"prf-realiza-operacao-para-reduzir-sinistros-de-transito-e-motos-sao-apreendidas","status":"publish","type":"post","link":"https:\/\/blogdoedvaldomagalhaes.com.br\/index.php\/2025\/03\/28\/prf-realiza-operacao-para-reduzir-sinistros-de-transito-e-motos-sao-apreendidas\/","title":{"rendered":"PRF realiza opera\u00e7\u00e3o para reduzir sinistros de tr\u00e2nsito e motos s\u00e3o apreendidas"},"content":{"rendered":"<p>Com o objetivo de reduzir sinistros de tr\u00e2nsito e mortes, a Pol\u00edcia Rodovi\u00e1ria Federal (PRF) deu in\u00edcio, na ter\u00e7a-feira (26), \u00e0 Opera\u00e7\u00e3o Duas Rodas em Araripina e outras cidades do Sert\u00e3o pernambucano. A iniciativa foi desencadeada a partir de estudos que apontam o aumento na viol\u00eancia do tr\u00e2nsito relacionada principalmente ao uso irregular de motocicletas na regi\u00e3o.<\/p>\n<p>No ano de 2024, em Araripina, foram registrados 31 sinistros, com 32 feridos e 12 mortes. Em 2023, foram atendidos 29 sinistros, com 30 feridos e oito mortes. Um aumento de 50% no n\u00famero de mortes nesse per\u00edodo.<\/p>\n<p>As colis\u00f5es envolvendo motocicletas tamb\u00e9m aumentaram. Em 2024, foram registrados 16 sinistros, com 13 feridos e oito mortes. Em 2023, foram atendidos 14 sinistros, com 11 feridos e cinco mortes. Um aumento de 60% na quantidade de mortes.<\/p>\n<p>*Motos adulteradas*<\/p>\n<p>Durante a opera\u00e7\u00e3o, as equipes da PRF apreenderam cinco motocicletas adulteradas, ap\u00f3s a constata\u00e7\u00e3o de que os ve\u00edculos apresentavam sinais de identifica\u00e7\u00e3o suprimidos, o que pode indicar que s\u00e3o produtos de roubo ou furto. <\/p>\n<p>Os condutores foram encaminhados \u00e0 Delegacia de Pol\u00edcia Civil da regi\u00e3o e poder\u00e3o responder por adultera\u00e7\u00e3o de sinal identificador de ve\u00edculo.<br \/>\nSeja seguidor do Instagram do Blog pelo @blogdoedvaldomagalhaes<br \/>\nFoto: Divulga\u00e7\u00e3o\/PRF<\/p>\n","protected":false},"excerpt":{"rendered":"<p>Com o objetivo de reduzir sinistros de tr\u00e2nsito e mortes, a Pol\u00edcia Rodovi\u00e1ria Federal (PRF) deu in\u00edcio, na ter\u00e7a-feira (26),&hellip;<\/p>\n","protected":false},"author":1,"featured_media":117972,"comment_status":"closed","ping_status":"open","sticky":false,"template":"","format":"standard","meta":{"footnotes":""},"categories":[14121],"tags":[28803,27410,13146,28801,33125],"class_list":["post-117971","post","type-post","status-publish","format-standard","has-post-thumbnail","hentry","category-policial","tag-blog-com-mais-visualizacoes","tag-blog-de-caruaru","tag-blog-edvaldo-magalhaes","tag-blog-mais-acessado","tag-prf-realiza-operacao-para-reduzir-sinistros-de-transito-e-motos-sao-apreendidas"],"_links":{"self":[{"href":"https:\/\/blogdoedvaldomagalhaes.com.br\/index.php\/wp-json\/wp\/v2\/posts\/117971","targetHints":{"allow":["GET"]}}],"collection":[{"href":"https:\/\/blogdoedvaldomagalhaes.com.br\/index.php\/wp-json\/wp\/v2\/posts"}],"about":[{"href":"https:\/\/blogdoedvaldomagalhaes.com.br\/index.php\/wp-json\/wp\/v2\/types\/post"}],"author":[{"embeddable":true,"href":"https:\/\/blogdoedvaldomagalhaes.com.br\/index.php\/wp-json\/wp\/v2\/users\/1"}],"replies":[{"embeddable":true,"href":"https:\/\/blogdoedvaldomagalhaes.com.br\/index.php\/wp-json\/wp\/v2\/comments?post=117971"}],"version-history":[{"count":1,"href":"https:\/\/blogdoedvaldomagalhaes.com.br\/index.php\/wp-json\/wp\/v2\/posts\/117971\/revisions"}],"predecessor-version":[{"id":117973,"href":"https:\/\/blogdoedvaldomagalhaes.com.br\/index.php\/wp-json\/wp\/v2\/posts\/117971\/revisions\/117973"}],"wp:featuredmedia":[{"embeddable":true,"href":"https:\/\/blogdoedvaldomagalhaes.com.br\/index.php\/wp-json\/wp\/v2\/media\/117972"}],"wp:attachment":[{"href":"https:\/\/blogdoedvaldomagalhaes.com.br\/index.php\/wp-json\/wp\/v2\/media?parent=117971"}],"wp:term":[{"taxonomy":"category","embeddable":true,"href":"https:\/\/blogdoedvaldomagalhaes.com.br\/index.php\/wp-json\/wp\/v2\/categories?post=117971"},{"taxonomy":"post_tag","embeddable":true,"href":"https:\/\/blogdoedvaldomagalhaes.com.br\/index.php\/wp-json\/wp\/v2\/tags?post=117971"}],"curies":[{"name":"wp","href":"https:\/\/api.w.org\/{rel}","templated":true}]}}