{"id":117968,"date":"2025-03-27T23:20:22","date_gmt":"2025-03-28T02:20:22","guid":{"rendered":"https:\/\/blogdoedvaldomagalhaes.com.br\/?p=117968"},"modified":"2025-03-27T23:20:22","modified_gmt":"2025-03-28T02:20:22","slug":"vereador-gil-bobinho-solicita-credamigo-sao-joao-de-caruaru","status":"publish","type":"post","link":"https:\/\/blogdoedvaldomagalhaes.com.br\/index.php\/2025\/03\/27\/vereador-gil-bobinho-solicita-credamigo-sao-joao-de-caruaru\/","title":{"rendered":"Vereador Gil Bobinho solicita Cr\u00e9damigo S\u00e3o Jo\u00e3o de Caruaru"},"content":{"rendered":"<p>Durante a sess\u00e3o ordin\u00e1ria na C\u00e2mara Municipal de Caruaru nesta quinta-feira (27.03), em sua fala na tribuna, o vereador Gil Bobinho destacou a import\u00e2ncia do S\u00e3o Jo\u00e3o para a economia local, especialmente para os comerciantes. Ele informou que articulou, junto ao Banco do Nordeste (BNB), a possibilidade de criar uma linha de cr\u00e9dito espec\u00edfica para os comerciantes do evento, a exemplo de uma a\u00e7\u00e3o do banco j\u00e1 implementado em Olinda, que beneficiou mil trabalhadores durante os festejos carnavalescos.<\/p>\n<p>&#8220;Cr\u00e9damigo S\u00e3o Jo\u00e3o de Caruaru \u00e9 um projeto que busca viabiliza comerciantes do S\u00e3o Jo\u00e3o de Caruaru com cr\u00e9ditos que v\u00e3o de R$ 500,00 a R$ 21 mil reais&#8221;, afirmou Gil Bobinho.<\/p>\n<p>Na quinta-feira dia 3 de Abril, a partir das 08h, no sal\u00e3o nobre da C\u00e2mara de Caruaru, vai acontecerar uma reuni\u00e3o com a presen\u00e7a do superintendente do Banco do Nordeste, Hugo Luiz de Queiroz, para discutir o assunto. Foto: Divulga\u00e7\u00e3o<br \/>\nSeja seguidor do Instagram do Blog pelo @blogdoedvaldomagakhaes<\/p>\n","protected":false},"excerpt":{"rendered":"<p>Durante a sess\u00e3o ordin\u00e1ria na C\u00e2mara Municipal de Caruaru nesta quinta-feira (27.03), em sua fala na tribuna, o vereador Gil&hellip;<\/p>\n","protected":false},"author":1,"featured_media":117969,"comment_status":"closed","ping_status":"open","sticky":false,"template":"","format":"standard","meta":{"footnotes":""},"categories":[14122],"tags":[28803,27410,2,28801,20,33124],"class_list":["post-117968","post","type-post","status-publish","format-standard","has-post-thumbnail","hentry","category-politica","tag-blog-com-mais-visualizacoes","tag-blog-de-caruaru","tag-blog-do-edvaldo-magalhaes","tag-blog-mais-acessado","tag-politica","tag-vereador-gil-bobinho-solicita-credamigo-sao-joao-de-caruaru"],"_links":{"self":[{"href":"https:\/\/blogdoedvaldomagalhaes.com.br\/index.php\/wp-json\/wp\/v2\/posts\/117968","targetHints":{"allow":["GET"]}}],"collection":[{"href":"https:\/\/blogdoedvaldomagalhaes.com.br\/index.php\/wp-json\/wp\/v2\/posts"}],"about":[{"href":"https:\/\/blogdoedvaldomagalhaes.com.br\/index.php\/wp-json\/wp\/v2\/types\/post"}],"author":[{"embeddable":true,"href":"https:\/\/blogdoedvaldomagalhaes.com.br\/index.php\/wp-json\/wp\/v2\/users\/1"}],"replies":[{"embeddable":true,"href":"https:\/\/blogdoedvaldomagalhaes.com.br\/index.php\/wp-json\/wp\/v2\/comments?post=117968"}],"version-history":[{"count":1,"href":"https:\/\/blogdoedvaldomagalhaes.com.br\/index.php\/wp-json\/wp\/v2\/posts\/117968\/revisions"}],"predecessor-version":[{"id":117970,"href":"https:\/\/blogdoedvaldomagalhaes.com.br\/index.php\/wp-json\/wp\/v2\/posts\/117968\/revisions\/117970"}],"wp:featuredmedia":[{"embeddable":true,"href":"https:\/\/blogdoedvaldomagalhaes.com.br\/index.php\/wp-json\/wp\/v2\/media\/117969"}],"wp:attachment":[{"href":"https:\/\/blogdoedvaldomagalhaes.com.br\/index.php\/wp-json\/wp\/v2\/media?parent=117968"}],"wp:term":[{"taxonomy":"category","embeddable":true,"href":"https:\/\/blogdoedvaldomagalhaes.com.br\/index.php\/wp-json\/wp\/v2\/categories?post=117968"},{"taxonomy":"post_tag","embeddable":true,"href":"https:\/\/blogdoedvaldomagalhaes.com.br\/index.php\/wp-json\/wp\/v2\/tags?post=117968"}],"curies":[{"name":"wp","href":"https:\/\/api.w.org\/{rel}","templated":true}]}}