{"id":117961,"date":"2025-03-27T19:53:48","date_gmt":"2025-03-27T22:53:48","guid":{"rendered":"https:\/\/blogdoedvaldomagalhaes.com.br\/?p=117961"},"modified":"2025-03-27T19:53:48","modified_gmt":"2025-03-27T22:53:48","slug":"caruaru-lanca-campanha-imposto-de-renda-com-solidariedade-para-apoiar-politicas-publicas-voltadas-a-pessoa-idosa","status":"publish","type":"post","link":"https:\/\/blogdoedvaldomagalhaes.com.br\/index.php\/2025\/03\/27\/caruaru-lanca-campanha-imposto-de-renda-com-solidariedade-para-apoiar-politicas-publicas-voltadas-a-pessoa-idosa\/","title":{"rendered":"Caruaru lan\u00e7a campanha Imposto de Renda com Solidariedade para apoiar pol\u00edticas p\u00fablicas voltadas \u00e0 pessoa idosa"},"content":{"rendered":"<p>_A\u00e7\u00e3o incentiva contribuintes a destinarem,  sem custos adicionais, at\u00e9 3% do IR ao Fundo Municipal dos Direitos da Pessoa Idosa_<\/p>\n<p>O Conselho Municipal da Pessoa Idosa de Caruaru, com o apoio da Secretaria de Assist\u00eancia Social e Combate \u00e0 Fome, lan\u00e7a a campanha &#8220;Imposto de Renda com Solidariedade&#8221;, com o objetivo de incentivar a popula\u00e7\u00e3o a destinar parte do Imposto de Renda (IR) ao Fundo Municipal dos Direitos da Pessoa Idosa (FMDPI). A a\u00e7\u00e3o, que vai at\u00e9 maio de 2025, busca conscientizar sobre a import\u00e2ncia do apoio a pol\u00edticas p\u00fablicas voltadas \u00e0 promo\u00e7\u00e3o e prote\u00e7\u00e3o da pessoa idosa no munic\u00edpio.<\/p>\n<p>A campanha \u00e9 direcionada a gestores do Poder Executivo Municipal, gestores da sociedade civil e \u00e0 popula\u00e7\u00e3o em geral. Os recursos arrecadados por meio da destina\u00e7\u00e3o de at\u00e9 3% do imposto devido ser\u00e3o aplicados em projetos voltados \u00e0 assist\u00eancia social, sa\u00fade e educa\u00e7\u00e3o, garantindo a inclus\u00e3o da pessoa idosa em diversas esferas da sociedade.<\/p>\n<p>*Como doar?*<\/p>\n<p>O processo de doa\u00e7\u00e3o \u00e9 simples: ao preencher a declara\u00e7\u00e3o no modelo completo, o contribuinte deve acessar a aba \u201cDoa\u00e7\u00f5es Diretamente na Declara\u00e7\u00e3o\u201d, selecionar \u201cIdoso &#8211; Municipal\u201d, escolher o Fundo de Caruaru e definir o valor dentro do limite permitido. Em seguida, basta gerar o DARF e efetuar o pagamento at\u00e9 a data limite da declara\u00e7\u00e3o.<\/p>\n<p>A campanha destaca que a destina\u00e7\u00e3o ao FMDPI n\u00e3o gera custos adicionais ao contribuinte e refor\u00e7a a import\u00e2ncia da solidariedade. Maiores d\u00favidas sobre o processo podem ser esclarecidas com  profissionais da contabilidade.Foto:Jorge Farias<br \/>\nSiga o Instagram do Blog pelo @blogdoedvaldomagalhaes<\/p>\n","protected":false},"excerpt":{"rendered":"<p>_A\u00e7\u00e3o incentiva contribuintes a destinarem, sem custos adicionais, at\u00e9 3% do IR ao Fundo Municipal dos Direitos da Pessoa Idosa_&hellip;<\/p>\n","protected":false},"author":1,"featured_media":117962,"comment_status":"closed","ping_status":"open","sticky":false,"template":"","format":"standard","meta":{"footnotes":""},"categories":[14120],"tags":[30592,27410,13146,28801,33121],"class_list":["post-117961","post","type-post","status-publish","format-standard","has-post-thumbnail","hentry","category-noticias","tag-blog-com-mais-seguidores","tag-blog-de-caruaru","tag-blog-edvaldo-magalhaes","tag-blog-mais-acessado","tag-caruaru-lanca-campanha-imposto-de-renda-com-solidariedade-para-apoiar-politicas-publicas-voltadas-a-pessoa-idosa"],"_links":{"self":[{"href":"https:\/\/blogdoedvaldomagalhaes.com.br\/index.php\/wp-json\/wp\/v2\/posts\/117961","targetHints":{"allow":["GET"]}}],"collection":[{"href":"https:\/\/blogdoedvaldomagalhaes.com.br\/index.php\/wp-json\/wp\/v2\/posts"}],"about":[{"href":"https:\/\/blogdoedvaldomagalhaes.com.br\/index.php\/wp-json\/wp\/v2\/types\/post"}],"author":[{"embeddable":true,"href":"https:\/\/blogdoedvaldomagalhaes.com.br\/index.php\/wp-json\/wp\/v2\/users\/1"}],"replies":[{"embeddable":true,"href":"https:\/\/blogdoedvaldomagalhaes.com.br\/index.php\/wp-json\/wp\/v2\/comments?post=117961"}],"version-history":[{"count":1,"href":"https:\/\/blogdoedvaldomagalhaes.com.br\/index.php\/wp-json\/wp\/v2\/posts\/117961\/revisions"}],"predecessor-version":[{"id":117963,"href":"https:\/\/blogdoedvaldomagalhaes.com.br\/index.php\/wp-json\/wp\/v2\/posts\/117961\/revisions\/117963"}],"wp:featuredmedia":[{"embeddable":true,"href":"https:\/\/blogdoedvaldomagalhaes.com.br\/index.php\/wp-json\/wp\/v2\/media\/117962"}],"wp:attachment":[{"href":"https:\/\/blogdoedvaldomagalhaes.com.br\/index.php\/wp-json\/wp\/v2\/media?parent=117961"}],"wp:term":[{"taxonomy":"category","embeddable":true,"href":"https:\/\/blogdoedvaldomagalhaes.com.br\/index.php\/wp-json\/wp\/v2\/categories?post=117961"},{"taxonomy":"post_tag","embeddable":true,"href":"https:\/\/blogdoedvaldomagalhaes.com.br\/index.php\/wp-json\/wp\/v2\/tags?post=117961"}],"curies":[{"name":"wp","href":"https:\/\/api.w.org\/{rel}","templated":true}]}}