{"id":117957,"date":"2025-03-27T19:43:58","date_gmt":"2025-03-27T22:43:58","guid":{"rendered":"https:\/\/blogdoedvaldomagalhaes.com.br\/?p=117957"},"modified":"2025-03-27T19:49:48","modified_gmt":"2025-03-27T22:49:48","slug":"dois-homens-sao-presos-apos-assalto-em-bezerros","status":"publish","type":"post","link":"https:\/\/blogdoedvaldomagalhaes.com.br\/index.php\/2025\/03\/27\/dois-homens-sao-presos-apos-assalto-em-bezerros\/","title":{"rendered":"Dois homens s\u00e3o presos ap\u00f3s assalto em Bezerros"},"content":{"rendered":"<p>Nesta quinta-feira (27.03), policiais do 4\u00ba BPM prenderam dois suspeitos ap\u00f3s assalto em andamento no estabelecimento comercial no munic\u00edpio de Bezerros. O efetivo tomou conhecimento que o roubo estaria em andamento atrav\u00e9s do WhatsApp.<\/p>\n<p>Ao chegar ao local o efetivo identificou os suspeitos que estavam com dois rev\u00f3lveres calibre 38,  uma quantia em dinheiro que teriam acabado de tomar de assalto e um ve\u00edculo com restri\u00e7\u00e3o de roubo. Foi identificado que um deles estava com um mandado de pris\u00e3o em aberto.<\/p>\n<p>Os suspeitos e o material aprendido foram levados para a delegacia de plant\u00e3o da cidade para serem adotados os procedimentos necess\u00e1rios.<br \/>\nSeja seguidor do Instagram do Blog pelo @blogdoedvaldomagalhaes<br \/>\nFoto: Divulga\u00e7\u00e3o\/PRF<\/p>\n","protected":false},"excerpt":{"rendered":"<p>Nesta quinta-feira (27.03), policiais do 4\u00ba BPM prenderam dois suspeitos ap\u00f3s assalto em andamento no estabelecimento comercial no munic\u00edpio de&hellip;<\/p>\n","protected":false},"author":1,"featured_media":117959,"comment_status":"closed","ping_status":"open","sticky":false,"template":"","format":"standard","meta":{"footnotes":""},"categories":[14121],"tags":[30253,29440,2,28801,33120],"class_list":["post-117957","post","type-post","status-publish","format-standard","has-post-thumbnail","hentry","category-policial","tag-blog-caruaru","tag-blog-com-mais-visualizacao","tag-blog-do-edvaldo-magalhaes","tag-blog-mais-acessado","tag-dois-homens-sao-presos-apos-assalto-em-bezerros"],"_links":{"self":[{"href":"https:\/\/blogdoedvaldomagalhaes.com.br\/index.php\/wp-json\/wp\/v2\/posts\/117957","targetHints":{"allow":["GET"]}}],"collection":[{"href":"https:\/\/blogdoedvaldomagalhaes.com.br\/index.php\/wp-json\/wp\/v2\/posts"}],"about":[{"href":"https:\/\/blogdoedvaldomagalhaes.com.br\/index.php\/wp-json\/wp\/v2\/types\/post"}],"author":[{"embeddable":true,"href":"https:\/\/blogdoedvaldomagalhaes.com.br\/index.php\/wp-json\/wp\/v2\/users\/1"}],"replies":[{"embeddable":true,"href":"https:\/\/blogdoedvaldomagalhaes.com.br\/index.php\/wp-json\/wp\/v2\/comments?post=117957"}],"version-history":[{"count":1,"href":"https:\/\/blogdoedvaldomagalhaes.com.br\/index.php\/wp-json\/wp\/v2\/posts\/117957\/revisions"}],"predecessor-version":[{"id":117958,"href":"https:\/\/blogdoedvaldomagalhaes.com.br\/index.php\/wp-json\/wp\/v2\/posts\/117957\/revisions\/117958"}],"wp:featuredmedia":[{"embeddable":true,"href":"https:\/\/blogdoedvaldomagalhaes.com.br\/index.php\/wp-json\/wp\/v2\/media\/117959"}],"wp:attachment":[{"href":"https:\/\/blogdoedvaldomagalhaes.com.br\/index.php\/wp-json\/wp\/v2\/media?parent=117957"}],"wp:term":[{"taxonomy":"category","embeddable":true,"href":"https:\/\/blogdoedvaldomagalhaes.com.br\/index.php\/wp-json\/wp\/v2\/categories?post=117957"},{"taxonomy":"post_tag","embeddable":true,"href":"https:\/\/blogdoedvaldomagalhaes.com.br\/index.php\/wp-json\/wp\/v2\/tags?post=117957"}],"curies":[{"name":"wp","href":"https:\/\/api.w.org\/{rel}","templated":true}]}}