{"id":117954,"date":"2025-03-27T19:40:07","date_gmt":"2025-03-27T22:40:07","guid":{"rendered":"https:\/\/blogdoedvaldomagalhaes.com.br\/?p=117954"},"modified":"2025-03-27T19:40:07","modified_gmt":"2025-03-27T22:40:07","slug":"crianca-e-transportada-de-helicoptero-apos-sofrer-traumatismo-craniano-no-agreste","status":"publish","type":"post","link":"https:\/\/blogdoedvaldomagalhaes.com.br\/index.php\/2025\/03\/27\/crianca-e-transportada-de-helicoptero-apos-sofrer-traumatismo-craniano-no-agreste\/","title":{"rendered":"Crian\u00e7a \u00e9 transportada de helic\u00f3ptero ap\u00f3s sofrer traumatismo craniano no Agreste"},"content":{"rendered":"<p>Uma crian\u00e7a de dois anos de idade foi transportada de helic\u00f3ptero pela PRF e SAMU Metropolitano Recife, na tarde desta quinta-feira (27), ap\u00f3s sofrer um traumatismo craniano. O transporte foi realizado entre as cidades de Santa Cruz do Capibaribe, no Agreste, e Recife.<\/p>\n<p>Por volta das 11h30, a equipe aerom\u00e9dica foi acionada para realizar o transporte de helic\u00f3ptero. A suspeita \u00e9 de que a crian\u00e7a caiu do sof\u00e1 de uma resid\u00eancia em Brejo da Madre de Deus, tamb\u00e9m no Agreste.<\/p>\n<p>Ap\u00f3s ser encaminhada para o Hospital de Santa Cruz do Capibaribe, ela foi transportada de helic\u00f3ptero em 38 minutos at\u00e9 o Campo do Derby. De l\u00e1, seguiu na ambul\u00e2ncia do SAMU para a Emerg\u00eancia Pedi\u00e1trica do Hospital da Restaura\u00e7\u00e3o, no Recife. Foto: Divulga\u00e7\u00e3o\/PRF<br \/>\nSiga o Instagram do Blog pelo @blogdoedvaldomagalhaes<\/p>\n","protected":false},"excerpt":{"rendered":"<p>Uma crian\u00e7a de dois anos de idade foi transportada de helic\u00f3ptero pela PRF e SAMU Metropolitano Recife, na tarde desta&hellip;<\/p>\n","protected":false},"author":1,"featured_media":117955,"comment_status":"closed","ping_status":"open","sticky":false,"template":"","format":"standard","meta":{"footnotes":""},"categories":[14120],"tags":[28803,27410,13146,28801,33119],"class_list":["post-117954","post","type-post","status-publish","format-standard","has-post-thumbnail","hentry","category-noticias","tag-blog-com-mais-visualizacoes","tag-blog-de-caruaru","tag-blog-edvaldo-magalhaes","tag-blog-mais-acessado","tag-crianca-e-transportada-de-helicoptero-apos-sofrer-traumatismo-craniano-no-agreste"],"_links":{"self":[{"href":"https:\/\/blogdoedvaldomagalhaes.com.br\/index.php\/wp-json\/wp\/v2\/posts\/117954","targetHints":{"allow":["GET"]}}],"collection":[{"href":"https:\/\/blogdoedvaldomagalhaes.com.br\/index.php\/wp-json\/wp\/v2\/posts"}],"about":[{"href":"https:\/\/blogdoedvaldomagalhaes.com.br\/index.php\/wp-json\/wp\/v2\/types\/post"}],"author":[{"embeddable":true,"href":"https:\/\/blogdoedvaldomagalhaes.com.br\/index.php\/wp-json\/wp\/v2\/users\/1"}],"replies":[{"embeddable":true,"href":"https:\/\/blogdoedvaldomagalhaes.com.br\/index.php\/wp-json\/wp\/v2\/comments?post=117954"}],"version-history":[{"count":1,"href":"https:\/\/blogdoedvaldomagalhaes.com.br\/index.php\/wp-json\/wp\/v2\/posts\/117954\/revisions"}],"predecessor-version":[{"id":117956,"href":"https:\/\/blogdoedvaldomagalhaes.com.br\/index.php\/wp-json\/wp\/v2\/posts\/117954\/revisions\/117956"}],"wp:featuredmedia":[{"embeddable":true,"href":"https:\/\/blogdoedvaldomagalhaes.com.br\/index.php\/wp-json\/wp\/v2\/media\/117955"}],"wp:attachment":[{"href":"https:\/\/blogdoedvaldomagalhaes.com.br\/index.php\/wp-json\/wp\/v2\/media?parent=117954"}],"wp:term":[{"taxonomy":"category","embeddable":true,"href":"https:\/\/blogdoedvaldomagalhaes.com.br\/index.php\/wp-json\/wp\/v2\/categories?post=117954"},{"taxonomy":"post_tag","embeddable":true,"href":"https:\/\/blogdoedvaldomagalhaes.com.br\/index.php\/wp-json\/wp\/v2\/tags?post=117954"}],"curies":[{"name":"wp","href":"https:\/\/api.w.org\/{rel}","templated":true}]}}