{"id":117951,"date":"2025-03-27T19:34:48","date_gmt":"2025-03-27T22:34:48","guid":{"rendered":"https:\/\/blogdoedvaldomagalhaes.com.br\/?p=117951"},"modified":"2025-03-27T20:45:52","modified_gmt":"2025-03-27T23:45:52","slug":"prf-vai-nova-delegacia-e-unidade-operacional","status":"publish","type":"post","link":"https:\/\/blogdoedvaldomagalhaes.com.br\/index.php\/2025\/03\/27\/prf-vai-nova-delegacia-e-unidade-operacional\/","title":{"rendered":"PRF vai inaugurar nova Delegacia e Unidade Operacional"},"content":{"rendered":"<p>A Pol\u00edcia Rodovi\u00e1ria Federal (PRF) inaugura, nesta sexta-feira (28.03), as novas instala\u00e7\u00f5es da Delegacia PRF e da Unidade Operacional no munic\u00edpio de Garanhuns, no Agreste de Pernambuco.<\/p>\n<p>Localizados no km 93 da BR-423, os novos pr\u00e9dios ocupam uma \u00e1rea de 3.000 m\u00b2, sendo 1.800 m\u00b2 de \u00e1rea constru\u00edda. Al\u00e9m da cobertura, que confere maior conforto e seguran\u00e7a para os policias e usu\u00e1rios durante as abordagens, as novas instala\u00e7\u00f5es contam ainda com audit\u00f3rio, canil, almoxarifado, academia e estacionamento coberto para viaturas. Na obra, foram investidos R$ 9,8 milh\u00f5es.<\/p>\n<p>A solenidade de inaugura\u00e7\u00e3o contar\u00e1 com a presen\u00e7a do diretor-geral da PRF, Fernando Oliveira, do superintendente da PRF em Pernambuco, Alexandre Rodrigues, do chefe da Delegacia em Garanhuns, Daniel \u00c1vila, al\u00e9m de outros gestores da institui\u00e7\u00e3o e autoridades. <\/p>\n<p>*PRF em Garanhuns* \u2013 A Delegacia da PRF em Garanhuns \u00e9 respons\u00e1vel pela promo\u00e7\u00e3o da seguran\u00e7a vi\u00e1ria e combate ao crime em mais de 300 km de rodovia federal. A circunscri\u00e7\u00e3o abrange 21 munic\u00edpios do Agreste, uma regi\u00e3o que concentra polos leiteiros, agropecu\u00e1rios e de confec\u00e7\u00e3o, al\u00e9m de ser um importante polo de turismo e corredor no transporte de cargas e que d\u00e1 acesso a estados como Alagoas e Sergipe.<\/p>\n<p>Al\u00e9m da Unidade Operacional, na BR-423, a Delegacia conta ainda com a unidade de S\u00e3o Caetano, localizada na BR 232, e se destacam no trabalho de seguran\u00e7a vi\u00e1ria e combate ao crime.<\/p>\n<p>Em 2024, foram recuperados 92 ve\u00edculos, detidas 212 pessoas por diversos crimes e registrados mais de mil toneladas de excesso de peso em ve\u00edculos de carga.<br \/>\nSeja seguidor do Instagram do Blog pelo @blogdoedvaldomagalhaes<br \/>\nFoto: Divulga\u00e7\u00e3o\/PRF<\/p>\n","protected":false},"excerpt":{"rendered":"<p>A Pol\u00edcia Rodovi\u00e1ria Federal (PRF) inaugura, nesta sexta-feira (28.03), as novas instala\u00e7\u00f5es da Delegacia PRF e da Unidade Operacional no&hellip;<\/p>\n","protected":false},"author":1,"featured_media":117952,"comment_status":"closed","ping_status":"open","sticky":false,"template":"","format":"standard","meta":{"footnotes":""},"categories":[14120],"tags":[30592,27410,2,28801,33118],"class_list":["post-117951","post","type-post","status-publish","format-standard","has-post-thumbnail","hentry","category-noticias","tag-blog-com-mais-seguidores","tag-blog-de-caruaru","tag-blog-do-edvaldo-magalhaes","tag-blog-mais-acessado","tag-prf-tem-nova-delegacia-e-unidade-operacional-em-garanhuns"],"_links":{"self":[{"href":"https:\/\/blogdoedvaldomagalhaes.com.br\/index.php\/wp-json\/wp\/v2\/posts\/117951","targetHints":{"allow":["GET"]}}],"collection":[{"href":"https:\/\/blogdoedvaldomagalhaes.com.br\/index.php\/wp-json\/wp\/v2\/posts"}],"about":[{"href":"https:\/\/blogdoedvaldomagalhaes.com.br\/index.php\/wp-json\/wp\/v2\/types\/post"}],"author":[{"embeddable":true,"href":"https:\/\/blogdoedvaldomagalhaes.com.br\/index.php\/wp-json\/wp\/v2\/users\/1"}],"replies":[{"embeddable":true,"href":"https:\/\/blogdoedvaldomagalhaes.com.br\/index.php\/wp-json\/wp\/v2\/comments?post=117951"}],"version-history":[{"count":2,"href":"https:\/\/blogdoedvaldomagalhaes.com.br\/index.php\/wp-json\/wp\/v2\/posts\/117951\/revisions"}],"predecessor-version":[{"id":117964,"href":"https:\/\/blogdoedvaldomagalhaes.com.br\/index.php\/wp-json\/wp\/v2\/posts\/117951\/revisions\/117964"}],"wp:featuredmedia":[{"embeddable":true,"href":"https:\/\/blogdoedvaldomagalhaes.com.br\/index.php\/wp-json\/wp\/v2\/media\/117952"}],"wp:attachment":[{"href":"https:\/\/blogdoedvaldomagalhaes.com.br\/index.php\/wp-json\/wp\/v2\/media?parent=117951"}],"wp:term":[{"taxonomy":"category","embeddable":true,"href":"https:\/\/blogdoedvaldomagalhaes.com.br\/index.php\/wp-json\/wp\/v2\/categories?post=117951"},{"taxonomy":"post_tag","embeddable":true,"href":"https:\/\/blogdoedvaldomagalhaes.com.br\/index.php\/wp-json\/wp\/v2\/tags?post=117951"}],"curies":[{"name":"wp","href":"https:\/\/api.w.org\/{rel}","templated":true}]}}