{"id":117948,"date":"2025-03-27T19:29:13","date_gmt":"2025-03-27T22:29:13","guid":{"rendered":"https:\/\/blogdoedvaldomagalhaes.com.br\/?p=117948"},"modified":"2025-03-27T19:29:13","modified_gmt":"2025-03-27T22:29:13","slug":"vereador-jorge-quintino-solicita-politicas-publicas-para-proteger-idosos-contra-abusos-financeiros-e-patrimoniais","status":"publish","type":"post","link":"https:\/\/blogdoedvaldomagalhaes.com.br\/index.php\/2025\/03\/27\/vereador-jorge-quintino-solicita-politicas-publicas-para-proteger-idosos-contra-abusos-financeiros-e-patrimoniais\/","title":{"rendered":"Vereador Jorge Quintino solicita pol\u00edticas p\u00fablicas para proteger idosos contra abusos financeiros e patrimoniais"},"content":{"rendered":"<p>Na sess\u00e3o legislativa desta quinta-feira (27), o vereador Jorge Quintino apresentou um requerimento solicitando a cria\u00e7\u00e3o de pol\u00edticas p\u00fablicas voltadas \u00e0 prote\u00e7\u00e3o dos idosos contra abusos financeiros e patrimoniais em Caruaru. A iniciativa busca coibir fraudes, extors\u00f5es e empr\u00e9stimos abusivos que comprometem a seguran\u00e7a financeira e a dignidade da popula\u00e7\u00e3o idosa.<\/p>\n<p>A preocupa\u00e7\u00e3o do vereador se baseia em dados alarmantes que mostram um aumento nos casos de golpes e apropria\u00e7\u00f5es indevidas de bens, muitas vezes praticados por pessoas pr\u00f3ximas, como familiares e cuidadores. Com o crescimento da popula\u00e7\u00e3o idosa, torna-se essencial fortalecer mecanismos de prote\u00e7\u00e3o que garantam seus direitos e evitem que sejam v\u00edtimas de explora\u00e7\u00e3o econ\u00f4mica.<\/p>\n<p>Um dos problemas destacados por Jorge Quintino \u00e9 o desrespeito ao limite legal de 35% para empr\u00e9stimos consignados, sendo 30% para cr\u00e9dito pessoal e 5% para cart\u00e3o consignado. No entanto, h\u00e1 den\u00fancias de empresas que ultrapassam esse percentual, chegando a comprometer at\u00e9 80% da aposentadoria dos idosos. \u201cIsso \u00e9 inadmiss\u00edvel. Precisamos garantir que os idosos tenham seus direitos respeitados e que n\u00e3o sejam levados ao endividamento extremo por pr\u00e1ticas abusivas\u201d, enfatizou o vereador.<\/p>\n<p>O parlamentar j\u00e1 demonstrou seu compromisso com a causa ao propor, anteriormente, a constru\u00e7\u00e3o de uma Institui\u00e7\u00e3o de Longa Perman\u00eancia para Idosos (ILPI) e a cria\u00e7\u00e3o de uma Delegacia do Idoso em Caruaru. Agora, refor\u00e7a sua atua\u00e7\u00e3o em defesa dessa popula\u00e7\u00e3o vulner\u00e1vel, cobrando medidas concretas para evitar que os idosos sejam v\u00edtimas de explora\u00e7\u00e3o financeira.<\/p>\n<p>A proposta segue para an\u00e1lise da C\u00e2mara, e o vereador refor\u00e7a seu compromisso em lutar por pol\u00edticas p\u00fablicas que garantam respeito, dignidade e seguran\u00e7a para os idosos de Caruaru.<br \/>\nSiga o Instagram do Blog pelo @blogdoedvaldomagalhaes<br \/>\nFoto: Vladimir Barreto <\/p>\n","protected":false},"excerpt":{"rendered":"<p>Na sess\u00e3o legislativa desta quinta-feira (27), o vereador Jorge Quintino apresentou um requerimento solicitando a cria\u00e7\u00e3o de pol\u00edticas p\u00fablicas voltadas&hellip;<\/p>\n","protected":false},"author":1,"featured_media":117949,"comment_status":"closed","ping_status":"open","sticky":false,"template":"","format":"standard","meta":{"footnotes":""},"categories":[14122],"tags":[29440,27410,13146,28801,20,33117],"class_list":["post-117948","post","type-post","status-publish","format-standard","has-post-thumbnail","hentry","category-politica","tag-blog-com-mais-visualizacao","tag-blog-de-caruaru","tag-blog-edvaldo-magalhaes","tag-blog-mais-acessado","tag-politica","tag-vereador-jorge-quintino-solicita-politicas-publicas-para-proteger-idosos-contra-abusos-financeiros-e-patrimoniais"],"_links":{"self":[{"href":"https:\/\/blogdoedvaldomagalhaes.com.br\/index.php\/wp-json\/wp\/v2\/posts\/117948","targetHints":{"allow":["GET"]}}],"collection":[{"href":"https:\/\/blogdoedvaldomagalhaes.com.br\/index.php\/wp-json\/wp\/v2\/posts"}],"about":[{"href":"https:\/\/blogdoedvaldomagalhaes.com.br\/index.php\/wp-json\/wp\/v2\/types\/post"}],"author":[{"embeddable":true,"href":"https:\/\/blogdoedvaldomagalhaes.com.br\/index.php\/wp-json\/wp\/v2\/users\/1"}],"replies":[{"embeddable":true,"href":"https:\/\/blogdoedvaldomagalhaes.com.br\/index.php\/wp-json\/wp\/v2\/comments?post=117948"}],"version-history":[{"count":1,"href":"https:\/\/blogdoedvaldomagalhaes.com.br\/index.php\/wp-json\/wp\/v2\/posts\/117948\/revisions"}],"predecessor-version":[{"id":117950,"href":"https:\/\/blogdoedvaldomagalhaes.com.br\/index.php\/wp-json\/wp\/v2\/posts\/117948\/revisions\/117950"}],"wp:featuredmedia":[{"embeddable":true,"href":"https:\/\/blogdoedvaldomagalhaes.com.br\/index.php\/wp-json\/wp\/v2\/media\/117949"}],"wp:attachment":[{"href":"https:\/\/blogdoedvaldomagalhaes.com.br\/index.php\/wp-json\/wp\/v2\/media?parent=117948"}],"wp:term":[{"taxonomy":"category","embeddable":true,"href":"https:\/\/blogdoedvaldomagalhaes.com.br\/index.php\/wp-json\/wp\/v2\/categories?post=117948"},{"taxonomy":"post_tag","embeddable":true,"href":"https:\/\/blogdoedvaldomagalhaes.com.br\/index.php\/wp-json\/wp\/v2\/tags?post=117948"}],"curies":[{"name":"wp","href":"https:\/\/api.w.org\/{rel}","templated":true}]}}