{"id":117945,"date":"2025-03-27T17:56:36","date_gmt":"2025-03-27T20:56:36","guid":{"rendered":"https:\/\/blogdoedvaldomagalhaes.com.br\/?p=117945"},"modified":"2025-03-27T17:56:36","modified_gmt":"2025-03-27T20:56:36","slug":"anderson-correia-solicita-conclusao-da-via-parque-trecho-cidade-jardim-rendeiras","status":"publish","type":"post","link":"https:\/\/blogdoedvaldomagalhaes.com.br\/index.php\/2025\/03\/27\/anderson-correia-solicita-conclusao-da-via-parque-trecho-cidade-jardim-rendeiras\/","title":{"rendered":"Anderson Correia solicita conclus\u00e3o da Via Parque trecho Cidade Jardim-Rendeiras"},"content":{"rendered":"<p>Ap\u00f3s fiscalizar e ouvir a popula\u00e7\u00e3o, o vereador Anderson Correia (PP) solicitou a conclus\u00e3o da Via Parque que vai da Cidade Jardim a entrada do bairro Rendeiras. O trecho encontra-se precisando ser conclu\u00eddo para ter o mesmo padr\u00e3o das demais partes da obra que se estende ao longo da cidade, podendo contar ciclovia, ciclofaixas, pistas de cooper, biciclet\u00e1rios, academias, quadras poliesportivas e pra\u00e7as de conviv\u00eancia. <\/p>\n<p>A solicita\u00e7\u00e3o do edil est\u00e1 em conson\u00e2ncia com o que expressa a Lei n\u00ba 8.987\/95, de permiss\u00e3o da presta\u00e7\u00e3o de servi\u00e7os p\u00fablicos, que traz em seu par\u00e1grafo primeiro sobre adequa\u00e7\u00e3o do servi\u00e7o que tem que satisfazer as condi\u00e7\u00f5es de regularidade, continuidade, efici\u00eancia, seguran\u00e7a, atualidade, generalidade, cortesia na sua presta\u00e7\u00e3o e modicidade das tarifas.<\/p>\n<p>\u201cNosso mandato \u00e9 conhecido pelo nosso trabalho e presen\u00e7a di\u00e1ria na rua, e visitando a Cidade Jardim, vimos a necessidade da conclus\u00e3o dessa \u00e1rea da Via Parque, que vai at\u00e9 a entrada do bairro Rendeiras. \u00c9 preciso que essa obra seja conclu\u00edda para atender toda essa parte desta comunidade, que tamb\u00e9m precisa ter acesso aos benef\u00edcios presentes neste equipamento t\u00e3o importante para nossa cidade, sobretudo na promo\u00e7\u00e3o de sa\u00fade e bem-estar com a pr\u00e1tica de exerc\u00edcios f\u00edsicos, bem como na quest\u00e3o da mobilidade na liga\u00e7\u00e3o dos bairros\u201d, destacou Anderson.<br \/>\nSeja seguidor do Instagram do Blog pelo @blogdoedvaldomagalhaes<br \/>\nFoto: Divulga\u00e7\u00e3o<\/p>\n","protected":false},"excerpt":{"rendered":"<p>Ap\u00f3s fiscalizar e ouvir a popula\u00e7\u00e3o, o vereador Anderson Correia (PP) solicitou a conclus\u00e3o da Via Parque que vai da&hellip;<\/p>\n","protected":false},"author":1,"featured_media":117946,"comment_status":"closed","ping_status":"open","sticky":false,"template":"","format":"standard","meta":{"footnotes":""},"categories":[14122],"tags":[33116,28803,27410,2,28801,20],"class_list":["post-117945","post","type-post","status-publish","format-standard","has-post-thumbnail","hentry","category-politica","tag-anderson-correia-solicita-conclusao-da-via-parque-trecho-cidade-jardim-rendeiras","tag-blog-com-mais-visualizacoes","tag-blog-de-caruaru","tag-blog-do-edvaldo-magalhaes","tag-blog-mais-acessado","tag-politica"],"_links":{"self":[{"href":"https:\/\/blogdoedvaldomagalhaes.com.br\/index.php\/wp-json\/wp\/v2\/posts\/117945","targetHints":{"allow":["GET"]}}],"collection":[{"href":"https:\/\/blogdoedvaldomagalhaes.com.br\/index.php\/wp-json\/wp\/v2\/posts"}],"about":[{"href":"https:\/\/blogdoedvaldomagalhaes.com.br\/index.php\/wp-json\/wp\/v2\/types\/post"}],"author":[{"embeddable":true,"href":"https:\/\/blogdoedvaldomagalhaes.com.br\/index.php\/wp-json\/wp\/v2\/users\/1"}],"replies":[{"embeddable":true,"href":"https:\/\/blogdoedvaldomagalhaes.com.br\/index.php\/wp-json\/wp\/v2\/comments?post=117945"}],"version-history":[{"count":1,"href":"https:\/\/blogdoedvaldomagalhaes.com.br\/index.php\/wp-json\/wp\/v2\/posts\/117945\/revisions"}],"predecessor-version":[{"id":117947,"href":"https:\/\/blogdoedvaldomagalhaes.com.br\/index.php\/wp-json\/wp\/v2\/posts\/117945\/revisions\/117947"}],"wp:featuredmedia":[{"embeddable":true,"href":"https:\/\/blogdoedvaldomagalhaes.com.br\/index.php\/wp-json\/wp\/v2\/media\/117946"}],"wp:attachment":[{"href":"https:\/\/blogdoedvaldomagalhaes.com.br\/index.php\/wp-json\/wp\/v2\/media?parent=117945"}],"wp:term":[{"taxonomy":"category","embeddable":true,"href":"https:\/\/blogdoedvaldomagalhaes.com.br\/index.php\/wp-json\/wp\/v2\/categories?post=117945"},{"taxonomy":"post_tag","embeddable":true,"href":"https:\/\/blogdoedvaldomagalhaes.com.br\/index.php\/wp-json\/wp\/v2\/tags?post=117945"}],"curies":[{"name":"wp","href":"https:\/\/api.w.org\/{rel}","templated":true}]}}