{"id":117942,"date":"2025-03-27T10:41:49","date_gmt":"2025-03-27T13:41:49","guid":{"rendered":"https:\/\/blogdoedvaldomagalhaes.com.br\/?p=117942"},"modified":"2025-03-27T10:41:49","modified_gmt":"2025-03-27T13:41:49","slug":"policia-prende-mais-de-40-integrantes-de-torcidas-organizadas-envolvidos-em-brigas","status":"publish","type":"post","link":"https:\/\/blogdoedvaldomagalhaes.com.br\/index.php\/2025\/03\/27\/policia-prende-mais-de-40-integrantes-de-torcidas-organizadas-envolvidos-em-brigas\/","title":{"rendered":"Pol\u00edcia prende mais de 40 integrantes de torcidas organizadas envolvidos em brigas"},"content":{"rendered":"<p>A POL\u00cdCIA CIVIL DE PERNAMBUCO desencadeou na manh\u00e3 desta quinta-feira, <span style=\"font-size: revert;\">27\/03\/2025, a 16\u00aa Opera\u00e7\u00e3o de Repress\u00e3o Qualificada do ano denominada &#8220;CONTRA <\/span><span style=\"font-size: revert;\">PISTA&#8221;, vinculada ao Comando de Opera\u00e7\u00f5es e Recursos Especiais \u2013 CORE, sob a <\/span><span style=\"font-size: revert;\">presid\u00eancia do Delegado Raul Junges, Titular da Delegacia de Pol\u00edcia de Repress\u00e3o \u00e0 <\/span><span style=\"font-size: revert;\">Intoler\u00e2ncia Esportiva \u2013 DPRIE.<\/span><\/p>\n<p>A investiga\u00e7\u00e3o foi iniciada em 1\u00ba de fevereiro de 2025 devido ao confronto envolvendo <span style=\"font-size: revert;\">Torcidas Organizadas no \u201cCl\u00e1ssico das Multid\u00f5es\u201d e tem por objetivo combater <\/span><span style=\"font-size: revert;\">Associa\u00e7\u00f5es Criminosas voltadas \u00e0 pr\u00e1tica de Provoca\u00e7\u00e3o de Tumulto, Les\u00e3o Corporal, <\/span><span style=\"font-size: revert;\">Tentativa de Homic\u00eddio e Corrup\u00e7\u00e3o de Menores.<\/span><\/p>\n<p>Com a deflagra\u00e7\u00e3o, busca-se reduzir os casos de viol\u00eancia envolvendo torcidas <span style=\"font-size: revert;\">organizadas que praticam atos brutais, movidos pela intoler\u00e2ncia esportiva.<\/span><\/p>\n<p>No dia de hoje est\u00e3o sendo cumpridos 42 (quarenta e dois) Mandados de Pris\u00e3o, 24 (<span style=\"font-size: revert;\">vinte e quatro) Mandados de Busca e Apreens\u00e3o Domiciliar, 03 (tr\u00eas) Mandados de <\/span>Interna\u00e7\u00e3o Provis\u00f3ria de Menor e Seq\u00fcestro de Bens, expedidos pelos Ju\u00edzos da 2\u00aa Vara <span style=\"font-size: revert;\">do Tribunal do J\u00fari da Comarca de Recife e 3\u00aa Vara da Inf\u00e2ncia e Juventude da Capital.<\/span><\/p>\n<p>Na execu\u00e7\u00e3o est\u00e3o sendo empregados 170 (cento e setenta) Policiais Civis, entre <span style=\"font-size: revert;\">Delegados, Agentes e Escriv\u00e3es.<\/span><\/p>\n<p>As investiga\u00e7\u00f5es foram assessoradas pela Diretoria de Intelig\u00eancia da Pol\u00edcia Civil de <span style=\"font-size: revert;\">Pernambuco \u2013 DINTEL, contando ainda com o apoio operacional da Pol\u00edcia Militar &#8211; <\/span><span style=\"font-size: revert;\">PMPE. Foto: Divulga\u00e7\u00e3o\/PC.<br \/>\nSeja seguidor do Instagram do Blog e comente pelo @blogdoedvaldomagalhaes.<br \/>\n<\/span><\/p>\n","protected":false},"excerpt":{"rendered":"<p>A POL\u00cdCIA CIVIL DE PERNAMBUCO desencadeou na manh\u00e3 desta quinta-feira, 27\/03\/2025, a 16\u00aa Opera\u00e7\u00e3o de Repress\u00e3o Qualificada do ano denominada&hellip;<\/p>\n","protected":false},"author":1,"featured_media":117943,"comment_status":"closed","ping_status":"open","sticky":false,"template":"","format":"standard","meta":{"footnotes":""},"categories":[14121],"tags":[30592,27410,3,33115],"class_list":["post-117942","post","type-post","status-publish","format-standard","has-post-thumbnail","hentry","category-policial","tag-blog-com-mais-seguidores","tag-blog-de-caruaru","tag-futebol","tag-policia-prende-mais-de-40-integrantes-de-torcidas-organizadas-envolvidas-em-brigas"],"_links":{"self":[{"href":"https:\/\/blogdoedvaldomagalhaes.com.br\/index.php\/wp-json\/wp\/v2\/posts\/117942","targetHints":{"allow":["GET"]}}],"collection":[{"href":"https:\/\/blogdoedvaldomagalhaes.com.br\/index.php\/wp-json\/wp\/v2\/posts"}],"about":[{"href":"https:\/\/blogdoedvaldomagalhaes.com.br\/index.php\/wp-json\/wp\/v2\/types\/post"}],"author":[{"embeddable":true,"href":"https:\/\/blogdoedvaldomagalhaes.com.br\/index.php\/wp-json\/wp\/v2\/users\/1"}],"replies":[{"embeddable":true,"href":"https:\/\/blogdoedvaldomagalhaes.com.br\/index.php\/wp-json\/wp\/v2\/comments?post=117942"}],"version-history":[{"count":1,"href":"https:\/\/blogdoedvaldomagalhaes.com.br\/index.php\/wp-json\/wp\/v2\/posts\/117942\/revisions"}],"predecessor-version":[{"id":117944,"href":"https:\/\/blogdoedvaldomagalhaes.com.br\/index.php\/wp-json\/wp\/v2\/posts\/117942\/revisions\/117944"}],"wp:featuredmedia":[{"embeddable":true,"href":"https:\/\/blogdoedvaldomagalhaes.com.br\/index.php\/wp-json\/wp\/v2\/media\/117943"}],"wp:attachment":[{"href":"https:\/\/blogdoedvaldomagalhaes.com.br\/index.php\/wp-json\/wp\/v2\/media?parent=117942"}],"wp:term":[{"taxonomy":"category","embeddable":true,"href":"https:\/\/blogdoedvaldomagalhaes.com.br\/index.php\/wp-json\/wp\/v2\/categories?post=117942"},{"taxonomy":"post_tag","embeddable":true,"href":"https:\/\/blogdoedvaldomagalhaes.com.br\/index.php\/wp-json\/wp\/v2\/tags?post=117942"}],"curies":[{"name":"wp","href":"https:\/\/api.w.org\/{rel}","templated":true}]}}