{"id":117939,"date":"2025-03-27T10:06:11","date_gmt":"2025-03-27T13:06:11","guid":{"rendered":"https:\/\/blogdoedvaldomagalhaes.com.br\/?p=117939"},"modified":"2025-03-27T10:06:11","modified_gmt":"2025-03-27T13:06:11","slug":"trecho-da-travessa-visconde-de-inhauma-em-caruaru-sera-interditado","status":"publish","type":"post","link":"https:\/\/blogdoedvaldomagalhaes.com.br\/index.php\/2025\/03\/27\/trecho-da-travessa-visconde-de-inhauma-em-caruaru-sera-interditado\/","title":{"rendered":"Trecho da Travessa Visconde de Inha\u00fama em Caruaru ser\u00e1 interditado"},"content":{"rendered":"<p>A Autarquia de Mobilidade de Caruaru (AMC), informa que, ap\u00f3s alinhamento com representantes do Departamento Nacional de Infraestrutura de Transportes (DNIT), foi acordado o fechamento da Travessa Visconde de Inha\u00fama no cruzamento com a Avenida Campina Grande. <\/p>\n<p>A medida visa a redu\u00e7\u00e3o do risco identificado na manobra dos condutores que adentram a travessa, provenientes da BR-104, al\u00e9m de diminuir a reten\u00e7\u00e3o de ve\u00edculos que essa manobra tem causado na rodovia federal.<\/p>\n<p>A AMC refor\u00e7a que a alternativa para os motoristas ser\u00e1 o acesso \u00e0 frente, na Rua Visconde de Inha\u00fama, pr\u00f3ximo \u00e0 loja Assistemarcos. Este novo trajeto oferece maior seguran\u00e7a para os condutores, eliminando o risco nas manobras e proporcionando fluidez no tr\u00e2nsito da regi\u00e3o.<br \/>\nSiga o Instagram do Blog pelo @blogdoedvaldomagalhaes<br \/>\nFoto: Divulga\u00e7\u00e3o\/Secom\/PMC<\/p>\n","protected":false},"excerpt":{"rendered":"<p>A Autarquia de Mobilidade de Caruaru (AMC), informa que, ap\u00f3s alinhamento com representantes do Departamento Nacional de Infraestrutura de Transportes&hellip;<\/p>\n","protected":false},"author":1,"featured_media":117940,"comment_status":"closed","ping_status":"open","sticky":false,"template":"","format":"standard","meta":{"footnotes":""},"categories":[14120],"tags":[29440,27410,2,28801,21225,33114],"class_list":["post-117939","post","type-post","status-publish","format-standard","has-post-thumbnail","hentry","category-noticias","tag-blog-com-mais-visualizacao","tag-blog-de-caruaru","tag-blog-do-edvaldo-magalhaes","tag-blog-mais-acessado","tag-transito","tag-trecho-da-travessa-visconde-de-inhauma-em-caruaru-sera-interditado"],"_links":{"self":[{"href":"https:\/\/blogdoedvaldomagalhaes.com.br\/index.php\/wp-json\/wp\/v2\/posts\/117939","targetHints":{"allow":["GET"]}}],"collection":[{"href":"https:\/\/blogdoedvaldomagalhaes.com.br\/index.php\/wp-json\/wp\/v2\/posts"}],"about":[{"href":"https:\/\/blogdoedvaldomagalhaes.com.br\/index.php\/wp-json\/wp\/v2\/types\/post"}],"author":[{"embeddable":true,"href":"https:\/\/blogdoedvaldomagalhaes.com.br\/index.php\/wp-json\/wp\/v2\/users\/1"}],"replies":[{"embeddable":true,"href":"https:\/\/blogdoedvaldomagalhaes.com.br\/index.php\/wp-json\/wp\/v2\/comments?post=117939"}],"version-history":[{"count":1,"href":"https:\/\/blogdoedvaldomagalhaes.com.br\/index.php\/wp-json\/wp\/v2\/posts\/117939\/revisions"}],"predecessor-version":[{"id":117941,"href":"https:\/\/blogdoedvaldomagalhaes.com.br\/index.php\/wp-json\/wp\/v2\/posts\/117939\/revisions\/117941"}],"wp:featuredmedia":[{"embeddable":true,"href":"https:\/\/blogdoedvaldomagalhaes.com.br\/index.php\/wp-json\/wp\/v2\/media\/117940"}],"wp:attachment":[{"href":"https:\/\/blogdoedvaldomagalhaes.com.br\/index.php\/wp-json\/wp\/v2\/media?parent=117939"}],"wp:term":[{"taxonomy":"category","embeddable":true,"href":"https:\/\/blogdoedvaldomagalhaes.com.br\/index.php\/wp-json\/wp\/v2\/categories?post=117939"},{"taxonomy":"post_tag","embeddable":true,"href":"https:\/\/blogdoedvaldomagalhaes.com.br\/index.php\/wp-json\/wp\/v2\/tags?post=117939"}],"curies":[{"name":"wp","href":"https:\/\/api.w.org\/{rel}","templated":true}]}}