{"id":117935,"date":"2025-03-27T08:47:09","date_gmt":"2025-03-27T11:47:09","guid":{"rendered":"https:\/\/blogdoedvaldomagalhaes.com.br\/?p=117935"},"modified":"2025-03-27T08:47:09","modified_gmt":"2025-03-27T11:47:09","slug":"mais-um-desmanche-de-motos-desativado","status":"publish","type":"post","link":"https:\/\/blogdoedvaldomagalhaes.com.br\/index.php\/2025\/03\/27\/mais-um-desmanche-de-motos-desativado\/","title":{"rendered":"Mais um desmanche de motos desativado"},"content":{"rendered":"<p>Policiais militares desativaram mais um desmanche de motocicletas no Estado. Desta vez, a situa\u00e7\u00e3o se deu em Quipap\u00e1, na Zona da Mata Sul. Uma equipe do 10\u00ba BPM recebeu informa\u00e7\u00f5es sobre a atividade no distrito Vila do Cruzeiro, foi fazer a checagem e visualizou dois homens fugindo do local, ao perceber sua chegada.<\/p>\n<p>Eles deixaram a porta de uma casa aberta e em seu interior estavam as provas do crime. Foram encontradas diversas motocicletas desmontadas parcial e totalmente, al\u00e9m pe\u00e7as espalhadas pelos c\u00f4modos e uma espingarda do tipo soca soca. Todo o material foi apresentado na Delegacia de Pol\u00edcia Civil de Palmares, para ado\u00e7\u00e3o dos procedimentos para formalizar a apreens\u00e3o.<br \/>\nSeja seguidor do Instagram do Blog pelo @blogdoedvaldomagalhaes<br \/>\nFoto: Divulga\u00e7\u00e3o\/PMPE<\/p>\n","protected":false},"excerpt":{"rendered":"<p>Policiais militares desativaram mais um desmanche de motocicletas no Estado. Desta vez, a situa\u00e7\u00e3o se deu em Quipap\u00e1, na Zona&hellip;<\/p>\n","protected":false},"author":1,"featured_media":117936,"comment_status":"closed","ping_status":"open","sticky":false,"template":"","format":"standard","meta":{"footnotes":""},"categories":[14121],"tags":[28803,27410,13146,28801,33103],"class_list":["post-117935","post","type-post","status-publish","format-standard","has-post-thumbnail","hentry","category-policial","tag-blog-com-mais-visualizacoes","tag-blog-de-caruaru","tag-blog-edvaldo-magalhaes","tag-blog-mais-acessado","tag-mais-um-desmanche-de-motos-desativado"],"_links":{"self":[{"href":"https:\/\/blogdoedvaldomagalhaes.com.br\/index.php\/wp-json\/wp\/v2\/posts\/117935","targetHints":{"allow":["GET"]}}],"collection":[{"href":"https:\/\/blogdoedvaldomagalhaes.com.br\/index.php\/wp-json\/wp\/v2\/posts"}],"about":[{"href":"https:\/\/blogdoedvaldomagalhaes.com.br\/index.php\/wp-json\/wp\/v2\/types\/post"}],"author":[{"embeddable":true,"href":"https:\/\/blogdoedvaldomagalhaes.com.br\/index.php\/wp-json\/wp\/v2\/users\/1"}],"replies":[{"embeddable":true,"href":"https:\/\/blogdoedvaldomagalhaes.com.br\/index.php\/wp-json\/wp\/v2\/comments?post=117935"}],"version-history":[{"count":1,"href":"https:\/\/blogdoedvaldomagalhaes.com.br\/index.php\/wp-json\/wp\/v2\/posts\/117935\/revisions"}],"predecessor-version":[{"id":117937,"href":"https:\/\/blogdoedvaldomagalhaes.com.br\/index.php\/wp-json\/wp\/v2\/posts\/117935\/revisions\/117937"}],"wp:featuredmedia":[{"embeddable":true,"href":"https:\/\/blogdoedvaldomagalhaes.com.br\/index.php\/wp-json\/wp\/v2\/media\/117936"}],"wp:attachment":[{"href":"https:\/\/blogdoedvaldomagalhaes.com.br\/index.php\/wp-json\/wp\/v2\/media?parent=117935"}],"wp:term":[{"taxonomy":"category","embeddable":true,"href":"https:\/\/blogdoedvaldomagalhaes.com.br\/index.php\/wp-json\/wp\/v2\/categories?post=117935"},{"taxonomy":"post_tag","embeddable":true,"href":"https:\/\/blogdoedvaldomagalhaes.com.br\/index.php\/wp-json\/wp\/v2\/tags?post=117935"}],"curies":[{"name":"wp","href":"https:\/\/api.w.org\/{rel}","templated":true}]}}