{"id":117930,"date":"2025-03-26T21:41:49","date_gmt":"2025-03-27T00:41:49","guid":{"rendered":"https:\/\/blogdoedvaldomagalhaes.com.br\/?p=117930"},"modified":"2025-03-27T08:57:54","modified_gmt":"2025-03-27T11:57:54","slug":"vereador-junior-letal-visita-o-hmv","status":"publish","type":"post","link":"https:\/\/blogdoedvaldomagalhaes.com.br\/index.php\/2025\/03\/26\/vereador-junior-letal-visita-o-hmv\/","title":{"rendered":"Vereador J\u00fanior Letal visita o HMV"},"content":{"rendered":"<p>Hoje foi um dia de grande aprendizado e emo\u00e7\u00e3o ao visitar o Hospital Mestre Vitalino, uma refer\u00eancia em sa\u00fade para Caruaru e todo o Agreste pernambucano. \u00c9 imposs\u00edvel n\u00e3o reconhecer a grandiosidade dessa estrutura, que realmente faz a diferen\u00e7a na vida de tantas pessoas que precisam de atendimento digno e de qualidade.<\/p>\n<p>Quero expressar minha profunda gratid\u00e3o ao diretor Marcelo Cavalcanti, um profissional dedicado que, junto com toda a equipe, faz desse hospital um verdadeiro s\u00edmbolo de esperan\u00e7a e cuidado. Seu trabalho incans\u00e1vel, doutor Marcelo, salva vidas e leva al\u00edvio a in\u00fameras fam\u00edlias.<\/p>\n<p>Saio dessa visita ainda mais comprometido com a sa\u00fade do nosso povo e me coloco \u00e0 disposi\u00e7\u00e3o para colaborar no que for necess\u00e1rio para garantir sempre o melhor para os pacientes de Caruaru e regi\u00e3o. A sa\u00fade precisa de aten\u00e7\u00e3o, investimento e respeito, e o Hospital Mestre Vitalino \u00e9 prova de que, quando h\u00e1 compromisso, os resultados acontecem.<\/p>\n<p>E \u00e9 por essas e outras, que agora em Junho, faremos uma Sess\u00e3o Solene na c\u00e2mara para comemorar os 11 anos de servi\u00e7os prestados a milhares de Pernambucanos por este importante equipamento para Caruaru e toda regi\u00e3o.<br \/>\nSiga o Instagram do Blog pelo @blogdoedvaldomagalhaes<\/p>\n","protected":false},"excerpt":{"rendered":"<p>Hoje foi um dia de grande aprendizado e emo\u00e7\u00e3o ao visitar o Hospital Mestre Vitalino, uma refer\u00eancia em sa\u00fade para&hellip;<\/p>\n","protected":false},"author":1,"featured_media":117938,"comment_status":"closed","ping_status":"open","sticky":false,"template":"","format":"standard","meta":{"footnotes":""},"categories":[14120],"tags":[31914,27410,2,28801,20,32793],"class_list":["post-117930","post","type-post","status-publish","format-standard","has-post-thumbnail","hentry","category-noticias","tag-blog-com-mais-informacoes","tag-blog-de-caruaru","tag-blog-do-edvaldo-magalhaes","tag-blog-mais-acessado","tag-politica","tag-vereador-junior-letal"],"_links":{"self":[{"href":"https:\/\/blogdoedvaldomagalhaes.com.br\/index.php\/wp-json\/wp\/v2\/posts\/117930","targetHints":{"allow":["GET"]}}],"collection":[{"href":"https:\/\/blogdoedvaldomagalhaes.com.br\/index.php\/wp-json\/wp\/v2\/posts"}],"about":[{"href":"https:\/\/blogdoedvaldomagalhaes.com.br\/index.php\/wp-json\/wp\/v2\/types\/post"}],"author":[{"embeddable":true,"href":"https:\/\/blogdoedvaldomagalhaes.com.br\/index.php\/wp-json\/wp\/v2\/users\/1"}],"replies":[{"embeddable":true,"href":"https:\/\/blogdoedvaldomagalhaes.com.br\/index.php\/wp-json\/wp\/v2\/comments?post=117930"}],"version-history":[{"count":1,"href":"https:\/\/blogdoedvaldomagalhaes.com.br\/index.php\/wp-json\/wp\/v2\/posts\/117930\/revisions"}],"predecessor-version":[{"id":117931,"href":"https:\/\/blogdoedvaldomagalhaes.com.br\/index.php\/wp-json\/wp\/v2\/posts\/117930\/revisions\/117931"}],"wp:featuredmedia":[{"embeddable":true,"href":"https:\/\/blogdoedvaldomagalhaes.com.br\/index.php\/wp-json\/wp\/v2\/media\/117938"}],"wp:attachment":[{"href":"https:\/\/blogdoedvaldomagalhaes.com.br\/index.php\/wp-json\/wp\/v2\/media?parent=117930"}],"wp:term":[{"taxonomy":"category","embeddable":true,"href":"https:\/\/blogdoedvaldomagalhaes.com.br\/index.php\/wp-json\/wp\/v2\/categories?post=117930"},{"taxonomy":"post_tag","embeddable":true,"href":"https:\/\/blogdoedvaldomagalhaes.com.br\/index.php\/wp-json\/wp\/v2\/tags?post=117930"}],"curies":[{"name":"wp","href":"https:\/\/api.w.org\/{rel}","templated":true}]}}