{"id":117920,"date":"2025-03-26T14:00:02","date_gmt":"2025-03-26T17:00:02","guid":{"rendered":"https:\/\/blogdoedvaldomagalhaes.com.br\/?p=117920"},"modified":"2025-03-26T14:00:02","modified_gmt":"2025-03-26T17:00:02","slug":"centro-de-ensino-do-agreste-promove-jornada-para-nutricionistas-e-academicos","status":"publish","type":"post","link":"https:\/\/blogdoedvaldomagalhaes.com.br\/index.php\/2025\/03\/26\/centro-de-ensino-do-agreste-promove-jornada-para-nutricionistas-e-academicos\/","title":{"rendered":"Centro de Ensino do Agreste promove Jornada para Nutricionistas e Acad\u00eamicos"},"content":{"rendered":"<p>No dia 29 de mar\u00e7o, ir\u00e1 ocorrer a Jornada Avan\u00e7ada em Nutri\u00e7\u00e3o Cl\u00ednica: Sa\u00fade, Est\u00e9tica e Performance, um evento exclusivo para nutricionistas e acad\u00eamicos da \u00e1rea. O encontro ocorrer\u00e1 a partir das 14h, no Bora Coworking, localizado no Shopping Difusora, e ser\u00e1 promovido pelo Centro de Ensino do Agreste \u2013 CEA.<\/p>\n<p>O evento tem como objetivo proporcionar aos participantes uma imers\u00e3o no que h\u00e1 de mais recente no campo da nutri\u00e7\u00e3o cl\u00ednica, com foco em sa\u00fade, est\u00e9tica e performance. Contando com especialistas renomados, a jornada abordar\u00e1 t\u00e9cnicas e pr\u00e1ticas avan\u00e7adas para aprimorar a atua\u00e7\u00e3o dos profissionais e acad\u00eamicos no mercado.<\/p>\n<p>\u201cEstamos muito felizes em poder oferecer uma oportunidade como essa aos profissionais de nutri\u00e7\u00e3o e acad\u00eamicos da nossa regi\u00e3o. A jornada \u00e9 um passo importante para fortalecer a forma\u00e7\u00e3o dos nossos nutricionistas, com conte\u00fado de qualidade e insights valiosos para a pr\u00e1tica cl\u00ednica. Esperamos que todos aproveitem ao m\u00e1ximo o evento e saiam mais preparados para enfrentar os desafios da profiss\u00e3o.\u201d \u2013 Nayara Sousa, Diretora do Centro de Ensino do Agreste (CEA).<\/p>\n<p>\u201cA jornada ser\u00e1 uma excelente oportunidade para os participantes se atualizarem sobre os mais novos avan\u00e7os na nutri\u00e7\u00e3o.  Esse evento \u00e9 mais uma das iniciativas que reafirma nosso compromisso com a qualidade no ensino e a valoriza\u00e7\u00e3o da profiss\u00e3o.\u201d \u2013 Paolla  Ryenne Coordenadora do curso de P\u00f3s-gradua\u00e7\u00e3o em Nutri\u00e7\u00e3o, Centro de Ensino do Agreste (CEA).<\/p>\n<p>A jornada \u00e9 uma oportunidade imperd\u00edvel para quem busca se atualizar e aprimorar seus conhecimentos em nutri\u00e7\u00e3o cl\u00ednica. As vagas s\u00e3o limitadas, ent\u00e3o n\u00e3o deixe para \u00faltima hora. Para mais informa\u00e7\u00f5es e inscri\u00e7\u00f5es, acesse o site oficial do CEA ou entre em contato pelo telefone da institui\u00e7\u00e3o.<\/p>\n<p>Evento: Jornada Avan\u00e7ada em Nutri\u00e7\u00e3o Cl\u00ednica: Sa\u00fade, Est\u00e9tica e Performance<br \/>\nData: 29 de mar\u00e7o de 2025, \u00e0s 14h<br \/>\nLocal: Bora Coworking \u2013 Shopping Difusora, Caruaru<br \/>\nRealiza\u00e7\u00e3o: Centro de Ensino do Agreste \u2013 CEA<\/p>\n<p>Contatos para Inscri\u00e7\u00e3o e Informa\u00e7\u00f5es:  (81) 8291-2984<br \/>\nhttps:\/\/www.e-inscricao.com\/ceaposgraduacao\/jornadaavancadaemnutricao<br \/>\nSeja seguidor do Instagram do Blog pelo @blogdoedvaldomagalhaes<br \/>\nFoto: Divulga\u00e7\u00e3o <\/p>\n","protected":false},"excerpt":{"rendered":"<p>No dia 29 de mar\u00e7o, ir\u00e1 ocorrer a Jornada Avan\u00e7ada em Nutri\u00e7\u00e3o Cl\u00ednica: Sa\u00fade, Est\u00e9tica e Performance, um evento exclusivo&hellip;<\/p>\n","protected":false},"author":1,"featured_media":117921,"comment_status":"closed","ping_status":"open","sticky":false,"template":"","format":"standard","meta":{"footnotes":""},"categories":[14120],"tags":[30592,27410,13146,28801,33100],"class_list":["post-117920","post","type-post","status-publish","format-standard","has-post-thumbnail","hentry","category-noticias","tag-blog-com-mais-seguidores","tag-blog-de-caruaru","tag-blog-edvaldo-magalhaes","tag-blog-mais-acessado","tag-centro-de-ensino-do-agreste-promove-jornada-para-nutricionistas-e-academicos"],"_links":{"self":[{"href":"https:\/\/blogdoedvaldomagalhaes.com.br\/index.php\/wp-json\/wp\/v2\/posts\/117920","targetHints":{"allow":["GET"]}}],"collection":[{"href":"https:\/\/blogdoedvaldomagalhaes.com.br\/index.php\/wp-json\/wp\/v2\/posts"}],"about":[{"href":"https:\/\/blogdoedvaldomagalhaes.com.br\/index.php\/wp-json\/wp\/v2\/types\/post"}],"author":[{"embeddable":true,"href":"https:\/\/blogdoedvaldomagalhaes.com.br\/index.php\/wp-json\/wp\/v2\/users\/1"}],"replies":[{"embeddable":true,"href":"https:\/\/blogdoedvaldomagalhaes.com.br\/index.php\/wp-json\/wp\/v2\/comments?post=117920"}],"version-history":[{"count":1,"href":"https:\/\/blogdoedvaldomagalhaes.com.br\/index.php\/wp-json\/wp\/v2\/posts\/117920\/revisions"}],"predecessor-version":[{"id":117922,"href":"https:\/\/blogdoedvaldomagalhaes.com.br\/index.php\/wp-json\/wp\/v2\/posts\/117920\/revisions\/117922"}],"wp:featuredmedia":[{"embeddable":true,"href":"https:\/\/blogdoedvaldomagalhaes.com.br\/index.php\/wp-json\/wp\/v2\/media\/117921"}],"wp:attachment":[{"href":"https:\/\/blogdoedvaldomagalhaes.com.br\/index.php\/wp-json\/wp\/v2\/media?parent=117920"}],"wp:term":[{"taxonomy":"category","embeddable":true,"href":"https:\/\/blogdoedvaldomagalhaes.com.br\/index.php\/wp-json\/wp\/v2\/categories?post=117920"},{"taxonomy":"post_tag","embeddable":true,"href":"https:\/\/blogdoedvaldomagalhaes.com.br\/index.php\/wp-json\/wp\/v2\/tags?post=117920"}],"curies":[{"name":"wp","href":"https:\/\/api.w.org\/{rel}","templated":true}]}}