{"id":117915,"date":"2025-03-26T10:43:08","date_gmt":"2025-03-26T13:43:08","guid":{"rendered":"https:\/\/blogdoedvaldomagalhaes.com.br\/?p=117915"},"modified":"2025-03-26T10:55:15","modified_gmt":"2025-03-26T13:55:15","slug":"vereador-joao-neto-solicita-que-doadores-de-sangue-de-caruaru-sejam-beneficiados-com-passe-livre-nos-transportes-coletivos","status":"publish","type":"post","link":"https:\/\/blogdoedvaldomagalhaes.com.br\/index.php\/2025\/03\/26\/vereador-joao-neto-solicita-que-doadores-de-sangue-de-caruaru-sejam-beneficiados-com-passe-livre-nos-transportes-coletivos\/","title":{"rendered":"Vereador Jo\u00e3o Neto solicita que doadores de sangue de Caruaru, sejam beneficiados com passe livre nos transportes coletivos"},"content":{"rendered":"<p>A doa\u00e7\u00e3o de sangue \u00e9 um ato altru\u00edsta e essencial, contribuindo para salvar vidas e garantir a <span style=\"font-size: revert;\">continuidade do tratamento de diversos pacientes em nossa cidade. No entanto, a a\u00e7\u00e3o de doar <\/span><span style=\"font-size: revert;\">sangue exige tempo e, muitas vezes, compromete a rotina do doador, que precisa se deslocar at\u00e9 o <\/span><span style=\"font-size: revert;\">centro de coleta e muitas vezes retornar para suas atividades cotidianas. Nesse contexto, a isen\u00e7\u00e3o de <\/span><span style=\"font-size: revert;\">tarifas nos transportes coletivos urbanos de Caruaru, seria no dia que o doador se dirija ao centro de <\/span><span style=\"font-size: revert;\">coleta, proporcionando maior comodidade e incentivo.<\/span><\/p>\n<p>Al\u00e9m disso, a medida tamb\u00e9m tem o objetivo de considerar o valor dos doadores, que se <span style=\"font-size: revert;\">dedicam ao bem coletivo de forma volunt\u00e1ria e sem qualquer tipo de compensa\u00e7\u00e3o, exceto o <\/span><span style=\"font-size: revert;\">benef\u00edcio imensur\u00e1vel que sua doa\u00e7\u00e3o proporciona ao pr\u00f3ximo. O reconhecimento do esfor\u00e7o e do <\/span><span style=\"font-size: revert;\">compromisso dos doadores com a sa\u00fade da popula\u00e7\u00e3o seria uma forma de valorizar a sua <\/span><span style=\"font-size: revert;\">contribui\u00e7\u00e3o, incentivando ainda mais pessoas a aderirem a essa pr\u00e1tica essencial.<\/span><\/p>\n<p>A implementa\u00e7\u00e3o poderia ocorrer por meio de parceria do governo municipal com as <span style=\"font-size: revert;\">empresas de transporte coletivo e a unidade de coleta de sangue, minimizando o impacto financeiro <\/span><span style=\"font-size: revert;\">para o munic\u00edpio e sendo fundamental em princ\u00edpios de solidariedade, humanitarismo e doa\u00e7\u00e3o <\/span><span style=\"font-size: revert;\">volunt\u00e1ria, sendo um gesto de extrema import\u00e2ncia para a sa\u00fade de nossa popula\u00e7\u00e3o. Foto: Vladimir Barreto.<br \/>\nSiga o Instagram do Blog e comente\u00a0<\/span><\/p>\n","protected":false},"excerpt":{"rendered":"<p>A doa\u00e7\u00e3o de sangue \u00e9 um ato altru\u00edsta e essencial, contribuindo para salvar vidas e garantir a continuidade do tratamento&hellip;<\/p>\n","protected":false},"author":1,"featured_media":117916,"comment_status":"closed","ping_status":"open","sticky":false,"template":"","format":"standard","meta":{"footnotes":""},"categories":[14122],"tags":[31914,27410,20,33099],"class_list":["post-117915","post","type-post","status-publish","format-standard","has-post-thumbnail","hentry","category-politica","tag-blog-com-mais-informacoes","tag-blog-de-caruaru","tag-politica","tag-vereador-joao-neto-solicita-que-doadores-de-sangue-de-caruaru-sejam-beneficiados-com-passe-livre-nos-transportes-coletivos"],"_links":{"self":[{"href":"https:\/\/blogdoedvaldomagalhaes.com.br\/index.php\/wp-json\/wp\/v2\/posts\/117915","targetHints":{"allow":["GET"]}}],"collection":[{"href":"https:\/\/blogdoedvaldomagalhaes.com.br\/index.php\/wp-json\/wp\/v2\/posts"}],"about":[{"href":"https:\/\/blogdoedvaldomagalhaes.com.br\/index.php\/wp-json\/wp\/v2\/types\/post"}],"author":[{"embeddable":true,"href":"https:\/\/blogdoedvaldomagalhaes.com.br\/index.php\/wp-json\/wp\/v2\/users\/1"}],"replies":[{"embeddable":true,"href":"https:\/\/blogdoedvaldomagalhaes.com.br\/index.php\/wp-json\/wp\/v2\/comments?post=117915"}],"version-history":[{"count":2,"href":"https:\/\/blogdoedvaldomagalhaes.com.br\/index.php\/wp-json\/wp\/v2\/posts\/117915\/revisions"}],"predecessor-version":[{"id":117919,"href":"https:\/\/blogdoedvaldomagalhaes.com.br\/index.php\/wp-json\/wp\/v2\/posts\/117915\/revisions\/117919"}],"wp:featuredmedia":[{"embeddable":true,"href":"https:\/\/blogdoedvaldomagalhaes.com.br\/index.php\/wp-json\/wp\/v2\/media\/117916"}],"wp:attachment":[{"href":"https:\/\/blogdoedvaldomagalhaes.com.br\/index.php\/wp-json\/wp\/v2\/media?parent=117915"}],"wp:term":[{"taxonomy":"category","embeddable":true,"href":"https:\/\/blogdoedvaldomagalhaes.com.br\/index.php\/wp-json\/wp\/v2\/categories?post=117915"},{"taxonomy":"post_tag","embeddable":true,"href":"https:\/\/blogdoedvaldomagalhaes.com.br\/index.php\/wp-json\/wp\/v2\/tags?post=117915"}],"curies":[{"name":"wp","href":"https:\/\/api.w.org\/{rel}","templated":true}]}}