{"id":117805,"date":"2025-03-23T18:20:22","date_gmt":"2025-03-23T21:20:22","guid":{"rendered":"https:\/\/blogdoedvaldomagalhaes.com.br\/?p=117805"},"modified":"2025-03-23T18:20:22","modified_gmt":"2025-03-23T21:20:22","slug":"evento-discutira-a-influencia-dos-algoritmos-e-da-publicidade-nas-decisoes-de-consumo","status":"publish","type":"post","link":"https:\/\/blogdoedvaldomagalhaes.com.br\/index.php\/2025\/03\/23\/evento-discutira-a-influencia-dos-algoritmos-e-da-publicidade-nas-decisoes-de-consumo\/","title":{"rendered":"Evento discutir\u00e1 a influ\u00eancia dos algoritmos e da publicidade nas decis\u00f5es de consumo"},"content":{"rendered":"<p>_O Workshop &#8220;Consumo Consciente&#8221; ser\u00e1 realizado em Caruaru, no Teatro Difusora, na pr\u00f3xima quarta-feira (26) e contar\u00e1 com brech\u00f3 solid\u00e1rio_<\/p>\n<p>Em refer\u00eancia ao Dia do Consumidor, celebrado em 15 de mar\u00e7o, a OAB Caruaru, por meio da Comiss\u00e3o de Direito do Consumidor, em parceria com o Shopping Difusora, realizar\u00e1 a segunda edi\u00e7\u00e3o do Workshop Consumo Consciente. Este ano, o evento traz o tema &#8220;Compro, logo existo? O que os algoritmos e a publicidade escondem de voc\u00ea&#8221; e acontecer\u00e1 na pr\u00f3xima quarta-feira (26), no Teatro Difusora, das 13h \u00e0s 18h.<\/p>\n<p>O objetivo do workshop \u00e9 discutir o impacto do consumo impulsivo e inconsciente na sociedade atual, al\u00e9m de fornecer estrat\u00e9gias pr\u00e1ticas para um consumo mais equilibrado e respons\u00e1vel. O evento ser\u00e1 um espa\u00e7o de reflex\u00e3o e a\u00e7\u00e3o, abordando temas como: O impacto das novas tecnologias e redes sociais no consumo; A influ\u00eancia do marketing digital e dos algoritmos na decis\u00e3o de compra; O crescimento das apostas on-line e seus impactos financeiros; Estrat\u00e9gias para um consumo mais equilibrado e sustent\u00e1vel.<\/p>\n<p>Para aprofundar o debate, o evento contar\u00e1 com profissionais das \u00e1reas de educa\u00e7\u00e3o, psicologia, direito, economia, entre outras.<\/p>\n<p>Al\u00e9m das palestras e discuss\u00f5es, a programa\u00e7\u00e3o inclui um brech\u00f3 solid\u00e1rio com pe\u00e7as doadas por influenciadores locais. Os participantes poder\u00e3o adquirir as pe\u00e7as e toda a renda arrecadada ser\u00e1 destinada ao projeto social Transforma Caruaru.<\/p>\n<p>O evento tamb\u00e9m conta com o apoio da Funda\u00e7\u00e3o de Cultura de Caruaru e do Senac, al\u00e9m do patroc\u00ednio da iniciativa privada.<\/p>\n<p>*INSCRI\u00c7\u00d5ES:*<br \/>\nAs inscri\u00e7\u00f5es custam R$ 15 + 1 kg de alimento n\u00e3o perec\u00edvel e podem ser realizadas pelo link: https:\/\/www.sympla.com.br\/evento\/compro-logo-existo-o-que-os-algoritmos-e-a-publicidade-escondem-de-voce\/2875746. Estudantes e professores da rede p\u00fablica podem se inscrever gratuitamente.<br \/>\nO evento \u00e9 aberto ao p\u00fablico em geral, incluindo profissionais de diversas \u00e1reas e estudantes interessados na tem\u00e1tica. Os participantes receber\u00e3o certificado de 5h\/aula.<br \/>\nSiga o Instagram do Blog pelo @blogdoedvaldomagalhaes<br \/>\nFoto: Divulga\u00e7\u00e3o<\/p>\n","protected":false},"excerpt":{"rendered":"<p>_O Workshop &#8220;Consumo Consciente&#8221; ser\u00e1 realizado em Caruaru, no Teatro Difusora, na pr\u00f3xima quarta-feira (26) e contar\u00e1 com brech\u00f3 solid\u00e1rio_&hellip;<\/p>\n","protected":false},"author":1,"featured_media":117806,"comment_status":"closed","ping_status":"open","sticky":false,"template":"","format":"standard","meta":{"footnotes":""},"categories":[14120],"tags":[28803,27410,2,28801,33064],"class_list":["post-117805","post","type-post","status-publish","format-standard","has-post-thumbnail","hentry","category-noticias","tag-blog-com-mais-visualizacoes","tag-blog-de-caruaru","tag-blog-do-edvaldo-magalhaes","tag-blog-mais-acessado","tag-evento-discutira-a-influencia-dos-algoritmos-e-da-publicidade-nas-decisoes-de-consumo"],"_links":{"self":[{"href":"https:\/\/blogdoedvaldomagalhaes.com.br\/index.php\/wp-json\/wp\/v2\/posts\/117805","targetHints":{"allow":["GET"]}}],"collection":[{"href":"https:\/\/blogdoedvaldomagalhaes.com.br\/index.php\/wp-json\/wp\/v2\/posts"}],"about":[{"href":"https:\/\/blogdoedvaldomagalhaes.com.br\/index.php\/wp-json\/wp\/v2\/types\/post"}],"author":[{"embeddable":true,"href":"https:\/\/blogdoedvaldomagalhaes.com.br\/index.php\/wp-json\/wp\/v2\/users\/1"}],"replies":[{"embeddable":true,"href":"https:\/\/blogdoedvaldomagalhaes.com.br\/index.php\/wp-json\/wp\/v2\/comments?post=117805"}],"version-history":[{"count":1,"href":"https:\/\/blogdoedvaldomagalhaes.com.br\/index.php\/wp-json\/wp\/v2\/posts\/117805\/revisions"}],"predecessor-version":[{"id":117807,"href":"https:\/\/blogdoedvaldomagalhaes.com.br\/index.php\/wp-json\/wp\/v2\/posts\/117805\/revisions\/117807"}],"wp:featuredmedia":[{"embeddable":true,"href":"https:\/\/blogdoedvaldomagalhaes.com.br\/index.php\/wp-json\/wp\/v2\/media\/117806"}],"wp:attachment":[{"href":"https:\/\/blogdoedvaldomagalhaes.com.br\/index.php\/wp-json\/wp\/v2\/media?parent=117805"}],"wp:term":[{"taxonomy":"category","embeddable":true,"href":"https:\/\/blogdoedvaldomagalhaes.com.br\/index.php\/wp-json\/wp\/v2\/categories?post=117805"},{"taxonomy":"post_tag","embeddable":true,"href":"https:\/\/blogdoedvaldomagalhaes.com.br\/index.php\/wp-json\/wp\/v2\/tags?post=117805"}],"curies":[{"name":"wp","href":"https:\/\/api.w.org\/{rel}","templated":true}]}}