{"id":117802,"date":"2025-03-23T18:10:55","date_gmt":"2025-03-23T21:10:55","guid":{"rendered":"https:\/\/blogdoedvaldomagalhaes.com.br\/?p=117802"},"modified":"2025-03-23T18:10:55","modified_gmt":"2025-03-23T21:10:55","slug":"cumprindo-promessa-de-campanha-jorge-quintino-oferece-culto-de-acoes-de-gracas-por-mais-um-mandato","status":"publish","type":"post","link":"https:\/\/blogdoedvaldomagalhaes.com.br\/index.php\/2025\/03\/23\/cumprindo-promessa-de-campanha-jorge-quintino-oferece-culto-de-acoes-de-gracas-por-mais-um-mandato\/","title":{"rendered":"Cumprindo promessa de campanha, Jorge Quintino oferece Culto de A\u00e7\u00f5es de Gra\u00e7as por mais um Mandato"},"content":{"rendered":"<p>O vereador professor Jorge Quintino cumpriu nesse s\u00e1bado (22\/03\/25), sua promessa de campanha de realizar um culto de a\u00e7\u00f5es de gra\u00e7as \u00e0 Deus, caso fosse eleito nas elei\u00e7\u00f5es de 2024.<\/p>\n<p>O culto aconteceu na Igreja Batista Pinheir\u00f3polis, pastoreada pelos reverendos Philip Warkentien e Isa\u00edas Ramalho. &#8220;Foi uma disputa dif\u00edcil e, em tempos onde a pol\u00edtica anda t\u00e3o polarizada e descredibilizada, s\u00f3 mesmo a a\u00e7\u00e3o de Deus nos guiando e aben\u00e7oando e at\u00e9 livrando de cair em armadilhas, tornou nossa vit\u00f3ria poss\u00edvel e torna nosso mandato t\u00e3o produtivo&#8221;, reconhece Quintino, e completou: &#8220;Sei que contei com as ora\u00e7\u00f5es de muitos irm\u00e3os, inclusive na condena\u00e7\u00e3o de minha campanha e equipe, tenho evang\u00e9licos, por isso sei que contei tamb\u00e9m com parcela desses votos.&#8221;<\/p>\n<p>Jorge Quintino obteve 2.134 votos e foi reeleito para mais um mandato pelo Podemos. Neste novo mandato, Quintino \u00e9 vice-presidente da Casa Legislativa e preside as Comiss\u00f5es de Educa\u00e7\u00e3o, Cultura e Esportes e a da Mulher.<\/p>\n<p>\u00c9 reconhecido como um dos vereadores mais atuantes e suas pautas priorizam Autismo, Cultura e Idosos e mant\u00e9m boa rela\u00e7\u00e3o com todos os demais setores religiosos da sociedade.Foto: Divulga\u00e7\u00e3o\/PMPE<br \/>\nSeja seguidor do Instagram do Blog pelo @blogdoedvaldomagalhaes<\/p>\n","protected":false},"excerpt":{"rendered":"<p>O vereador professor Jorge Quintino cumpriu nesse s\u00e1bado (22\/03\/25), sua promessa de campanha de realizar um culto de a\u00e7\u00f5es de&hellip;<\/p>\n","protected":false},"author":1,"featured_media":117803,"comment_status":"closed","ping_status":"open","sticky":false,"template":"","format":"standard","meta":{"footnotes":""},"categories":[14122],"tags":[30592,27410,13146,28801,33063,2252,20],"class_list":["post-117802","post","type-post","status-publish","format-standard","has-post-thumbnail","hentry","category-politica","tag-blog-com-mais-seguidores","tag-blog-de-caruaru","tag-blog-edvaldo-magalhaes","tag-blog-mais-acessado","tag-cumprindo-promessa-de-campanha-jorge-quintino-oferece-culto-de-acoes-de-gracas-por-mais-um-mandato","tag-noticia","tag-politica"],"_links":{"self":[{"href":"https:\/\/blogdoedvaldomagalhaes.com.br\/index.php\/wp-json\/wp\/v2\/posts\/117802","targetHints":{"allow":["GET"]}}],"collection":[{"href":"https:\/\/blogdoedvaldomagalhaes.com.br\/index.php\/wp-json\/wp\/v2\/posts"}],"about":[{"href":"https:\/\/blogdoedvaldomagalhaes.com.br\/index.php\/wp-json\/wp\/v2\/types\/post"}],"author":[{"embeddable":true,"href":"https:\/\/blogdoedvaldomagalhaes.com.br\/index.php\/wp-json\/wp\/v2\/users\/1"}],"replies":[{"embeddable":true,"href":"https:\/\/blogdoedvaldomagalhaes.com.br\/index.php\/wp-json\/wp\/v2\/comments?post=117802"}],"version-history":[{"count":1,"href":"https:\/\/blogdoedvaldomagalhaes.com.br\/index.php\/wp-json\/wp\/v2\/posts\/117802\/revisions"}],"predecessor-version":[{"id":117804,"href":"https:\/\/blogdoedvaldomagalhaes.com.br\/index.php\/wp-json\/wp\/v2\/posts\/117802\/revisions\/117804"}],"wp:featuredmedia":[{"embeddable":true,"href":"https:\/\/blogdoedvaldomagalhaes.com.br\/index.php\/wp-json\/wp\/v2\/media\/117803"}],"wp:attachment":[{"href":"https:\/\/blogdoedvaldomagalhaes.com.br\/index.php\/wp-json\/wp\/v2\/media?parent=117802"}],"wp:term":[{"taxonomy":"category","embeddable":true,"href":"https:\/\/blogdoedvaldomagalhaes.com.br\/index.php\/wp-json\/wp\/v2\/categories?post=117802"},{"taxonomy":"post_tag","embeddable":true,"href":"https:\/\/blogdoedvaldomagalhaes.com.br\/index.php\/wp-json\/wp\/v2\/tags?post=117802"}],"curies":[{"name":"wp","href":"https:\/\/api.w.org\/{rel}","templated":true}]}}