{"id":117797,"date":"2025-03-23T14:07:03","date_gmt":"2025-03-23T17:07:03","guid":{"rendered":"https:\/\/blogdoedvaldomagalhaes.com.br\/?p=117797"},"modified":"2025-03-23T14:13:28","modified_gmt":"2025-03-23T17:13:28","slug":"vereador-joao-neto-se-reune-com-ministro-andre-de-paula-para-viabilizar-recursos-para-caruaru","status":"publish","type":"post","link":"https:\/\/blogdoedvaldomagalhaes.com.br\/index.php\/2025\/03\/23\/vereador-joao-neto-se-reune-com-ministro-andre-de-paula-para-viabilizar-recursos-para-caruaru\/","title":{"rendered":"Vereador Jo\u00e3o Neto se re\u00fane com Ministro Andr\u00e9 de Paula para viabilizar recursos para Caruaru"},"content":{"rendered":"<p>O Vereador Jo\u00e3o Neto, juntamente com o Presidente do PSD Municipal, Osmarino Lamartine, se reuniram na Capital Pernambucana com o Ministro de Pesca e Aquicultura, Andr\u00e9 de Paula. \u201cTivemos nessa \u00faltima sexta feira uma reuni\u00e3o com o Ministro Andr\u00e9 de Paula, tratamos de pautas importantes para a nossa cidade, entre outras, a viabiliza\u00e7\u00e3o de recursos para o nosso munic\u00edpio. Em breve teremos mais novidades\u201d. Destacou vereador Jo\u00e3o Neto.<\/p>\n","protected":false},"excerpt":{"rendered":"<p>O Vereador Jo\u00e3o Neto, juntamente com o Presidente do PSD Municipal, Osmarino Lamartine, se reuniram na Capital Pernambucana com o&hellip;<\/p>\n","protected":false},"author":1,"featured_media":117800,"comment_status":"closed","ping_status":"open","sticky":false,"template":"","format":"standard","meta":{"footnotes":""},"categories":[14122],"tags":[31914,27410,2,28801,20,33062],"class_list":["post-117797","post","type-post","status-publish","format-standard","has-post-thumbnail","hentry","category-politica","tag-blog-com-mais-informacoes","tag-blog-de-caruaru","tag-blog-do-edvaldo-magalhaes","tag-blog-mais-acessado","tag-politica","tag-vereador-joao-neto-se-reune-com-ministro-andre-de-paula"],"_links":{"self":[{"href":"https:\/\/blogdoedvaldomagalhaes.com.br\/index.php\/wp-json\/wp\/v2\/posts\/117797","targetHints":{"allow":["GET"]}}],"collection":[{"href":"https:\/\/blogdoedvaldomagalhaes.com.br\/index.php\/wp-json\/wp\/v2\/posts"}],"about":[{"href":"https:\/\/blogdoedvaldomagalhaes.com.br\/index.php\/wp-json\/wp\/v2\/types\/post"}],"author":[{"embeddable":true,"href":"https:\/\/blogdoedvaldomagalhaes.com.br\/index.php\/wp-json\/wp\/v2\/users\/1"}],"replies":[{"embeddable":true,"href":"https:\/\/blogdoedvaldomagalhaes.com.br\/index.php\/wp-json\/wp\/v2\/comments?post=117797"}],"version-history":[{"count":2,"href":"https:\/\/blogdoedvaldomagalhaes.com.br\/index.php\/wp-json\/wp\/v2\/posts\/117797\/revisions"}],"predecessor-version":[{"id":117801,"href":"https:\/\/blogdoedvaldomagalhaes.com.br\/index.php\/wp-json\/wp\/v2\/posts\/117797\/revisions\/117801"}],"wp:featuredmedia":[{"embeddable":true,"href":"https:\/\/blogdoedvaldomagalhaes.com.br\/index.php\/wp-json\/wp\/v2\/media\/117800"}],"wp:attachment":[{"href":"https:\/\/blogdoedvaldomagalhaes.com.br\/index.php\/wp-json\/wp\/v2\/media?parent=117797"}],"wp:term":[{"taxonomy":"category","embeddable":true,"href":"https:\/\/blogdoedvaldomagalhaes.com.br\/index.php\/wp-json\/wp\/v2\/categories?post=117797"},{"taxonomy":"post_tag","embeddable":true,"href":"https:\/\/blogdoedvaldomagalhaes.com.br\/index.php\/wp-json\/wp\/v2\/tags?post=117797"}],"curies":[{"name":"wp","href":"https:\/\/api.w.org\/{rel}","templated":true}]}}