{"id":117768,"date":"2025-03-22T10:55:59","date_gmt":"2025-03-22T13:55:59","guid":{"rendered":"https:\/\/blogdoedvaldomagalhaes.com.br\/?p=117768"},"modified":"2025-03-22T10:57:53","modified_gmt":"2025-03-22T13:57:53","slug":"central-master-enfrenta-altinense-neste-domingo-em-caruaru","status":"publish","type":"post","link":"https:\/\/blogdoedvaldomagalhaes.com.br\/index.php\/2025\/03\/22\/central-master-enfrenta-altinense-neste-domingo-em-caruaru\/","title":{"rendered":"Central M\u00e1ster enfrenta Altinense neste domingo em Caruaru"},"content":{"rendered":"<p>Neste domingo (23.03), o Central M\u00e1ster enfrentar\u00e1 amistosamente o Altinense M\u00e1ster, \u00e0s 08h30, no Est\u00e1dio Vera Cruz, em Caruaru. O torcedor n\u00e3o pagar\u00e1 ingresso para assistir os craques que marcaram \u00e9poca.<\/p>\n<p>O elenco do Central M\u00e1ster \u00e9 formado por Jadson, Sandro, Renato, Ryder, Serginho, Gilberto, Reginaldo Cachimbo, Flavinho, Eusebio, Mancha, Sil, Anselmo, Alem\u00e3o, M\u00e1rcio, Batota, Silvio Veras, Ci\u00e7o, Eduardo, Washington, Lima, Normando e Leonel.<\/p>\n<p>T\u00e9cnico: Bezerra. Assistente: Danda. Preparador F\u00edsico: Edmilson Augusto e Massagista: Carlinhos.<\/p>\n<p>Foto: Divulga\u00e7\u00e3o<\/p>\n","protected":false},"excerpt":{"rendered":"<p>Neste domingo (23.03), o Central M\u00e1ster enfrentar\u00e1 amistosamente o Altinense M\u00e1ster, \u00e0s 08h30, no Est\u00e1dio Vera Cruz, em Caruaru. O&hellip;<\/p>\n","protected":false},"author":1,"featured_media":117770,"comment_status":"closed","ping_status":"open","sticky":false,"template":"","format":"standard","meta":{"footnotes":""},"categories":[14120],"tags":[31914,27410,2,33054,3335,33053,3],"class_list":["post-117768","post","type-post","status-publish","format-standard","has-post-thumbnail","hentry","category-noticias","tag-blog-com-mais-informacoes","tag-blog-de-caruaru","tag-blog-do-edvaldo-magalhaes","tag-blog-mais-atualizado","tag-central","tag-central-master-enfrenta-altinense-neste-domingo-em-caruaru","tag-futebol"],"_links":{"self":[{"href":"https:\/\/blogdoedvaldomagalhaes.com.br\/index.php\/wp-json\/wp\/v2\/posts\/117768","targetHints":{"allow":["GET"]}}],"collection":[{"href":"https:\/\/blogdoedvaldomagalhaes.com.br\/index.php\/wp-json\/wp\/v2\/posts"}],"about":[{"href":"https:\/\/blogdoedvaldomagalhaes.com.br\/index.php\/wp-json\/wp\/v2\/types\/post"}],"author":[{"embeddable":true,"href":"https:\/\/blogdoedvaldomagalhaes.com.br\/index.php\/wp-json\/wp\/v2\/users\/1"}],"replies":[{"embeddable":true,"href":"https:\/\/blogdoedvaldomagalhaes.com.br\/index.php\/wp-json\/wp\/v2\/comments?post=117768"}],"version-history":[{"count":1,"href":"https:\/\/blogdoedvaldomagalhaes.com.br\/index.php\/wp-json\/wp\/v2\/posts\/117768\/revisions"}],"predecessor-version":[{"id":117769,"href":"https:\/\/blogdoedvaldomagalhaes.com.br\/index.php\/wp-json\/wp\/v2\/posts\/117768\/revisions\/117769"}],"wp:featuredmedia":[{"embeddable":true,"href":"https:\/\/blogdoedvaldomagalhaes.com.br\/index.php\/wp-json\/wp\/v2\/media\/117770"}],"wp:attachment":[{"href":"https:\/\/blogdoedvaldomagalhaes.com.br\/index.php\/wp-json\/wp\/v2\/media?parent=117768"}],"wp:term":[{"taxonomy":"category","embeddable":true,"href":"https:\/\/blogdoedvaldomagalhaes.com.br\/index.php\/wp-json\/wp\/v2\/categories?post=117768"},{"taxonomy":"post_tag","embeddable":true,"href":"https:\/\/blogdoedvaldomagalhaes.com.br\/index.php\/wp-json\/wp\/v2\/tags?post=117768"}],"curies":[{"name":"wp","href":"https:\/\/api.w.org\/{rel}","templated":true}]}}