{"id":117606,"date":"2025-03-19T09:34:00","date_gmt":"2025-03-19T12:34:00","guid":{"rendered":"https:\/\/blogdoedvaldomagalhaes.com.br\/?p=117606"},"modified":"2025-03-19T09:34:00","modified_gmt":"2025-03-19T12:34:00","slug":"cidade-de-belem-de-maria-ira-ganhar-unidade-de-apae","status":"publish","type":"post","link":"https:\/\/blogdoedvaldomagalhaes.com.br\/index.php\/2025\/03\/19\/cidade-de-belem-de-maria-ira-ganhar-unidade-de-apae\/","title":{"rendered":"Cidade de Bel\u00e9m de Maria ir\u00e1 ganhar unidade de Apae"},"content":{"rendered":"\n<p>Na pr\u00f3xima ter\u00e7a-feira, dia 25 de mar\u00e7o ser\u00e1 inaugurada mais uma sede da Associa\u00e7\u00e3o de Pais e Amigos dos excepcionais \u2013 Apae em Pernambuco, dessa vez na cidade de Bel\u00e9m de Maria. A institui\u00e7\u00e3o ir\u00e1 atender cerca de 120 pessoas com defici\u00eancia intelectual e m\u00faltipla de todas as idades nas \u00e1reas de fisioterapia, psicologia, assist\u00eancia social, psicopedagogia e educa\u00e7\u00e3o f\u00edsica. As inscri\u00e7\u00f5es podem ser feitas com os documentos dos pais ou respons\u00e1veis e documentos do paciente, se o paciente j\u00e1 tiver laudos m\u00e9dicos \u00e9 importante apresentar. A Apae Bel\u00e9m de Maria funcionar\u00e1 de segunda a sexta-feira, das 08h ao meio dia e das 13 \u00e0s 16 horas.<\/p>\n\n\n\n<p>Com a inaugura\u00e7\u00e3o da Apae de Bel\u00e9m de Maria, Pernambuco conta agora com 28 unidades no estado nas cidades de Recife, Garanhuns, Petrolina, Salgueiro, Agrestina, Mirandiba, Serra Talhada, Carnaubeira da Penha, Sair\u00e9, Passira, Cupira, Cachoeirinha, Barreiros, Bu\u00edque, Bezerros, Barra de Guabiraba, \u00c1guas Belas, Ita\u00edba, Camaragibe, Caruaru, Altinho, Surubim, Toritama, Bonito, Palmares, Riacho das Almas, C\u00f4rtes. As unidades atendem atualmente mais de 11 mil pessoas com defici\u00eancia em Pernambuco.<\/p>\n\n\n\n<p>A solenidade de inaugura\u00e7\u00e3o acontece na ter\u00e7a-feira, dia 25, \u00e0s 09 horas da manh\u00e3 na sede da Apae localizada na rua Jos\u00e9 Tom\u00e9 Bispo, n\u00b0 130, no distrito de Batateira, em Bel\u00e9m de Maria. O telefone \u00e9 o 81-9-9517-4967 e o Instagram \u00e9 o @apaebelemdemaria.<\/p>\n\n\n<p>Cidade de Bel\u00e9m de Maria ir\u00e1 ganhar unidade de Apae<\/p>\n<p><br \/>Na pr\u00f3xima ter\u00e7a-feira, dia 25 de mar\u00e7o ser\u00e1 inaugurada mais uma sede da Associa\u00e7\u00e3o de Pais e Amigos dos excepcionais \u2013 Apae em Pernambuco, dessa vez na cidade de Bel\u00e9m de Maria. A institui\u00e7\u00e3o ir\u00e1 atender cerca de 120 pessoas com defici\u00eancia intelectual e m\u00faltipla de todas as idades nas \u00e1reas de fisioterapia, psicologia, assist\u00eancia social, psicopedagogia e educa\u00e7\u00e3o f\u00edsica. As inscri\u00e7\u00f5es podem ser feitas com os documentos dos pais ou respons\u00e1veis e documentos do paciente, se o paciente j\u00e1 tiver laudos m\u00e9dicos \u00e9 importante apresentar. A Apae Bel\u00e9m de Maria funcionar\u00e1 de segunda a sexta-feira, das 08h ao meio dia e das 13 \u00e0s 16 horas.<\/p>\n<p>Com a inaugura\u00e7\u00e3o da Apae de Bel\u00e9m de Maria, Pernambuco conta agora com 28 unidades no estado nas cidades de Recife, Garanhuns, Petrolina, Salgueiro, Agrestina, Mirandiba, Serra Talhada, Carnaubeira da Penha, Sair\u00e9, Passira, Cupira, Cachoeirinha, Barreiros, Bu\u00edque, Bezerros, Barra de Guabiraba, \u00c1guas Belas, Ita\u00edba, Camaragibe, Caruaru, Altinho, Surubim, Toritama, Bonito, Palmares, Riacho das Almas, C\u00f4rtes. As unidades atendem atualmente mais de 11 mil pessoas com defici\u00eancia em Pernambuco.<\/p>\n<p>A solenidade de inaugura\u00e7\u00e3o acontece na ter\u00e7a-feira, dia 25, \u00e0s 09 horas da manh\u00e3 na sede da Apae localizada na rua Jos\u00e9 Tom\u00e9 Bispo, n\u00b0 130, no distrito de Batateira, em Bel\u00e9m de Maria. O telefone \u00e9 o 81-9-9517-4967 e o Instagram \u00e9 o @apaebelemdemaria.<\/p>\n<p><br \/>Na pr\u00f3xima ter\u00e7a-feira, dia 25 de mar\u00e7o ser\u00e1 inaugurada mais uma sede da Associa\u00e7\u00e3o de Pais e Amigos dos excepcionais \u2013 Apae em Pernambuco, dessa vez na cidade de Bel\u00e9m de Maria. A institui\u00e7\u00e3o ir\u00e1 atender cerca de 120 pessoas com defici\u00eancia intelectual e m\u00faltipla de todas as idades nas \u00e1reas de fisioterapia, psicologia, assist\u00eancia social, psicopedagogia e educa\u00e7\u00e3o f\u00edsica. As inscri\u00e7\u00f5es podem ser feitas com os documentos dos pais ou respons\u00e1veis e documentos do paciente, se o paciente j\u00e1 tiver laudos m\u00e9dicos \u00e9 importante apresentar. A Apae Bel\u00e9m de Maria funcionar\u00e1 de segunda a sexta-feira, das 08h ao meio dia e das 13 \u00e0s 16 horas.<\/p>\n<p>Com a inaugura\u00e7\u00e3o da Apae de Bel\u00e9m de Maria, Pernambuco conta agora com 28 unidades no estado nas cidades de Recife, Garanhuns, Petrolina, Salgueiro, Agrestina, Mirandiba, Serra Talhada, Carnaubeira da Penha, Sair\u00e9, Passira, Cupira, Cachoeirinha, Barreiros, Bu\u00edque, Bezerros, Barra de Guabiraba, \u00c1guas Belas, Ita\u00edba, Camaragibe, Caruaru, Altinho, Surubim, Toritama, Bonito, Palmares, Riacho das Almas, C\u00f4rtes. As unidades atendem atualmente mais de 11 mil pessoas com defici\u00eancia em Pernambuco.<\/p>\n<p>A solenidade de inaugura\u00e7\u00e3o acontece na ter\u00e7a-feira, dia 25, \u00e0s 09 horas da manh\u00e3 na sede da Apae localizada na rua Jos\u00e9 Tom\u00e9 Bispo, n\u00b0 130, no distrito de Batateira, em Bel\u00e9m de Maria. O telefone \u00e9 o 81-9-9517-4967 e o Instagram \u00e9 o @apaebelemdemaria.<\/p>","protected":false},"excerpt":{"rendered":"<p>Na pr\u00f3xima ter\u00e7a-feira, dia 25 de mar\u00e7o ser\u00e1 inaugurada mais uma sede da Associa\u00e7\u00e3o de Pais e Amigos dos excepcionais&hellip;<\/p>\n","protected":false},"author":1,"featured_media":117607,"comment_status":"closed","ping_status":"open","sticky":false,"template":"","format":"standard","meta":{"footnotes":""},"categories":[14120],"tags":[31914,27410,13146,28801,33016],"class_list":["post-117606","post","type-post","status-publish","format-standard","has-post-thumbnail","hentry","category-noticias","tag-blog-com-mais-informacoes","tag-blog-de-caruaru","tag-blog-edvaldo-magalhaes","tag-blog-mais-acessado","tag-cidade-de-belem-de-maria-ira-ganhar-unidade-de-apae"],"_links":{"self":[{"href":"https:\/\/blogdoedvaldomagalhaes.com.br\/index.php\/wp-json\/wp\/v2\/posts\/117606","targetHints":{"allow":["GET"]}}],"collection":[{"href":"https:\/\/blogdoedvaldomagalhaes.com.br\/index.php\/wp-json\/wp\/v2\/posts"}],"about":[{"href":"https:\/\/blogdoedvaldomagalhaes.com.br\/index.php\/wp-json\/wp\/v2\/types\/post"}],"author":[{"embeddable":true,"href":"https:\/\/blogdoedvaldomagalhaes.com.br\/index.php\/wp-json\/wp\/v2\/users\/1"}],"replies":[{"embeddable":true,"href":"https:\/\/blogdoedvaldomagalhaes.com.br\/index.php\/wp-json\/wp\/v2\/comments?post=117606"}],"version-history":[{"count":1,"href":"https:\/\/blogdoedvaldomagalhaes.com.br\/index.php\/wp-json\/wp\/v2\/posts\/117606\/revisions"}],"predecessor-version":[{"id":117608,"href":"https:\/\/blogdoedvaldomagalhaes.com.br\/index.php\/wp-json\/wp\/v2\/posts\/117606\/revisions\/117608"}],"wp:featuredmedia":[{"embeddable":true,"href":"https:\/\/blogdoedvaldomagalhaes.com.br\/index.php\/wp-json\/wp\/v2\/media\/117607"}],"wp:attachment":[{"href":"https:\/\/blogdoedvaldomagalhaes.com.br\/index.php\/wp-json\/wp\/v2\/media?parent=117606"}],"wp:term":[{"taxonomy":"category","embeddable":true,"href":"https:\/\/blogdoedvaldomagalhaes.com.br\/index.php\/wp-json\/wp\/v2\/categories?post=117606"},{"taxonomy":"post_tag","embeddable":true,"href":"https:\/\/blogdoedvaldomagalhaes.com.br\/index.php\/wp-json\/wp\/v2\/tags?post=117606"}],"curies":[{"name":"wp","href":"https:\/\/api.w.org\/{rel}","templated":true}]}}