{"id":117546,"date":"2025-03-17T13:35:53","date_gmt":"2025-03-17T16:35:53","guid":{"rendered":"https:\/\/blogdoedvaldomagalhaes.com.br\/?p=117546"},"modified":"2025-03-17T13:40:39","modified_gmt":"2025-03-17T16:40:39","slug":"vereador-junior-letal-prestigia-reinauguracao-do-mamuseba","status":"publish","type":"post","link":"https:\/\/blogdoedvaldomagalhaes.com.br\/index.php\/2025\/03\/17\/vereador-junior-letal-prestigia-reinauguracao-do-mamuseba\/","title":{"rendered":"Vereador J\u00fanior Letal prestigia reinaugura\u00e7\u00e3o do Mamuseb\u00e1"},"content":{"rendered":"<p>O vereador J\u00fanior Letal marcou presen\u00e7a no Ponto de Cultura do bairro Adalgisa Nunes, em Mamuseb\u00e1, um espa\u00e7o dedicado \u00e0 valoriza\u00e7\u00e3o e preserva\u00e7\u00e3o das tradi\u00e7\u00f5es nordestinas. Durante sua visita, J\u00fanior Letal destacou a import\u00e2ncia do local como um verdadeiro celeiro cultural, onde a identidade e a hist\u00f3ria do povo nordestino s\u00e3o mantidas vivas por meio de diversas express\u00f5es art\u00edsticas.<\/p>\n<p>Entre as apresenta\u00e7\u00f5es que encantaram o p\u00fablico, os ventr\u00edloquos se destacaram, resgatando a cultura popular com humor, talento e criatividade. As performances envolveram a plateia e refor\u00e7aram o papel do Ponto de Cultura como um espa\u00e7o de resist\u00eancia e promo\u00e7\u00e3o da arte regional.<\/p>\n<p>O vereador reafirmou seu compromisso com o fortalecimento da cultura local, ressaltando a necessidade de mais investimentos para que iniciativas como essa continuem a florescer. \u201cA cultura \u00e9 a alma do nosso povo, e espa\u00e7os como este precisam de apoio para que sigam proporcionando arte, entretenimento e conhecimento para nossa comunidade\u201d, declarou J\u00fanior Letal.<\/p>\n<p>A visita refor\u00e7ou a conex\u00e3o entre o poder p\u00fablico e os fazedores de cultura, demonstrando que a valoriza\u00e7\u00e3o das ra\u00edzes nordestinas \u00e9 um compromisso que deve ser compartilhado por toda a sociedade. Foto: Divulga\u00e7\u00e3o.<br \/>\nSeja seguidor do Instagram do Blog pelo @blogdoedvaldomagalhaes<\/p>\n","protected":false},"excerpt":{"rendered":"<p>O vereador J\u00fanior Letal marcou presen\u00e7a no Ponto de Cultura do bairro Adalgisa Nunes, em Mamuseb\u00e1, um espa\u00e7o dedicado \u00e0&hellip;<\/p>\n","protected":false},"author":1,"featured_media":117549,"comment_status":"closed","ping_status":"open","sticky":false,"template":"","format":"standard","meta":{"footnotes":""},"categories":[14122],"tags":[31914,27410,2,28801,20],"class_list":["post-117546","post","type-post","status-publish","format-standard","has-post-thumbnail","hentry","category-politica","tag-blog-com-mais-informacoes","tag-blog-de-caruaru","tag-blog-do-edvaldo-magalhaes","tag-blog-mais-acessado","tag-politica"],"_links":{"self":[{"href":"https:\/\/blogdoedvaldomagalhaes.com.br\/index.php\/wp-json\/wp\/v2\/posts\/117546","targetHints":{"allow":["GET"]}}],"collection":[{"href":"https:\/\/blogdoedvaldomagalhaes.com.br\/index.php\/wp-json\/wp\/v2\/posts"}],"about":[{"href":"https:\/\/blogdoedvaldomagalhaes.com.br\/index.php\/wp-json\/wp\/v2\/types\/post"}],"author":[{"embeddable":true,"href":"https:\/\/blogdoedvaldomagalhaes.com.br\/index.php\/wp-json\/wp\/v2\/users\/1"}],"replies":[{"embeddable":true,"href":"https:\/\/blogdoedvaldomagalhaes.com.br\/index.php\/wp-json\/wp\/v2\/comments?post=117546"}],"version-history":[{"count":1,"href":"https:\/\/blogdoedvaldomagalhaes.com.br\/index.php\/wp-json\/wp\/v2\/posts\/117546\/revisions"}],"predecessor-version":[{"id":117547,"href":"https:\/\/blogdoedvaldomagalhaes.com.br\/index.php\/wp-json\/wp\/v2\/posts\/117546\/revisions\/117547"}],"wp:featuredmedia":[{"embeddable":true,"href":"https:\/\/blogdoedvaldomagalhaes.com.br\/index.php\/wp-json\/wp\/v2\/media\/117549"}],"wp:attachment":[{"href":"https:\/\/blogdoedvaldomagalhaes.com.br\/index.php\/wp-json\/wp\/v2\/media?parent=117546"}],"wp:term":[{"taxonomy":"category","embeddable":true,"href":"https:\/\/blogdoedvaldomagalhaes.com.br\/index.php\/wp-json\/wp\/v2\/categories?post=117546"},{"taxonomy":"post_tag","embeddable":true,"href":"https:\/\/blogdoedvaldomagalhaes.com.br\/index.php\/wp-json\/wp\/v2\/tags?post=117546"}],"curies":[{"name":"wp","href":"https:\/\/api.w.org\/{rel}","templated":true}]}}