{"id":117537,"date":"2025-03-17T09:20:18","date_gmt":"2025-03-17T12:20:18","guid":{"rendered":"https:\/\/blogdoedvaldomagalhaes.com.br\/?p=117537"},"modified":"2025-03-17T09:37:40","modified_gmt":"2025-03-17T12:37:40","slug":"policia-federal-realiza-apreensao-de-cigarros-eletronicos-e-prende-suspeito","status":"publish","type":"post","link":"https:\/\/blogdoedvaldomagalhaes.com.br\/index.php\/2025\/03\/17\/policia-federal-realiza-apreensao-de-cigarros-eletronicos-e-prende-suspeito\/","title":{"rendered":"Pol\u00edcia Federal realiza apreens\u00e3o de cigarros eletr\u00f4nicos e prende suspeito"},"content":{"rendered":"<p><span style=\"font-size: revert;\">A Pol\u00edcia Federal atrav\u00e9s de sua Delegacia em Caruaru-PE, prendeu, na sexta-feira (14.03), por volta das 9h, um suspeito, desempregado, 22 anos, natural de Jaboat\u00e3o-PE e residente em Gravat\u00e1-PE\u2013 (n\u00e3o possui antecedentes criminais). A pris\u00e3o aconteceu atrav\u00e9s de fiscaliza\u00e7\u00f5es de rotina em parceira com os Correios dando conta de que uma encomenda suspeita, possivelmente de cigarros eletr\u00f4nicos (vape) seria entregue numa resid\u00eancia em Gravat\u00e1. De posse dessas informa\u00e7\u00f5es foi feito um acompanhamento pelos federais e ao ser entregue o objeto postal e feita uma abordagem foi confirmada a exist\u00eancia da caixa de cigarros eletr\u00f4nicos.<\/span><\/p>\n<p>Terminado os trabalhos ostensivos e tendo sido encontrado os cigarros eletr\u00f4nicos, o suspeito recebeu voz de pris\u00e3o em flagrante, foi informado dos seus direitos e garantias constitucionais e em seguida foi levado para a Delegacia de Pol\u00edcia Federal em Recife-PE, para as formalidades legais de Pol\u00edcia Judici\u00e1ria, tendo sido autuado em flagrante pela pr\u00e1tica contida no artigo 334-A, \u00a7 1\u00ba, V do C\u00f3digo Penal (Contrabando: importar ou exportar mercadoria proibida \u2013 Pena: 2 a 5 anos de reclus\u00e3o).<\/p>\n<p>Em conversa com os agentes o preso informou que era a segunda vez que adquiria os cigarros eletr\u00f4nicos do mesmo fornecedor no Instagram, pagando R$ 70 reais e os revendia por R$ 100 reais; Disse em seu interrogat\u00f3rio que achava que por ser comercializado por uma rede social n\u00e3o achou que fosse il\u00edcito e que n\u00e3o conhece a pessoa que o vendeu o produto, tendo contato somente pela Internet; O preso j\u00e1 passou por audi\u00eancia de cust\u00f3dia e foi liberado, devendo responder ao processo em liberdade.<\/p>\n<p>*AUMENTO DA PENA PARA O CRIME DE CONTRABANDO:*<br \/>\nNo dia 27.06.2014 foi sancionada a lei que aumenta a puni\u00e7\u00e3o para o crime de contrabando. A nova legisla\u00e7\u00e3o, elevou a pena que era de 1 a 4 anos de pris\u00e3o para 2 a 5 anos. Antes quem era preso com contrabando pagava fian\u00e7a e respondia ao processo em liberdade, agora quem for preso com cigarros contrabandeados n\u00e3o ter\u00e1 o benef\u00edcio da fian\u00e7a e ir\u00e1 direto para a audi\u00eancia de cust\u00f3dia. A lei sancionada prev\u00ea ainda que a pena para o crime de contrabando seja dobrada nos casos em que o ato il\u00edcito for cometido por meio do transporte a\u00e9reo, mar\u00edtimo ou fluvial.<br \/>\nSeja seguidor do Instagram do Blog e comente pelo @blogdoedvaldomagalhaes<br \/>\nFoto: Divulga\u00e7\u00e3o\/PR<\/p>\n","protected":false},"excerpt":{"rendered":"<p>A Pol\u00edcia Federal atrav\u00e9s de sua Delegacia em Caruaru-PE, prendeu, na sexta-feira (14.03), por volta das 9h, um suspeito, desempregado,&hellip;<\/p>\n","protected":false},"author":1,"featured_media":117539,"comment_status":"closed","ping_status":"open","sticky":false,"template":"","format":"standard","meta":{"footnotes":""},"categories":[14121],"tags":[31914,27410,13146,28801],"class_list":["post-117537","post","type-post","status-publish","format-standard","has-post-thumbnail","hentry","category-policial","tag-blog-com-mais-informacoes","tag-blog-de-caruaru","tag-blog-edvaldo-magalhaes","tag-blog-mais-acessado"],"_links":{"self":[{"href":"https:\/\/blogdoedvaldomagalhaes.com.br\/index.php\/wp-json\/wp\/v2\/posts\/117537","targetHints":{"allow":["GET"]}}],"collection":[{"href":"https:\/\/blogdoedvaldomagalhaes.com.br\/index.php\/wp-json\/wp\/v2\/posts"}],"about":[{"href":"https:\/\/blogdoedvaldomagalhaes.com.br\/index.php\/wp-json\/wp\/v2\/types\/post"}],"author":[{"embeddable":true,"href":"https:\/\/blogdoedvaldomagalhaes.com.br\/index.php\/wp-json\/wp\/v2\/users\/1"}],"replies":[{"embeddable":true,"href":"https:\/\/blogdoedvaldomagalhaes.com.br\/index.php\/wp-json\/wp\/v2\/comments?post=117537"}],"version-history":[{"count":3,"href":"https:\/\/blogdoedvaldomagalhaes.com.br\/index.php\/wp-json\/wp\/v2\/posts\/117537\/revisions"}],"predecessor-version":[{"id":117541,"href":"https:\/\/blogdoedvaldomagalhaes.com.br\/index.php\/wp-json\/wp\/v2\/posts\/117537\/revisions\/117541"}],"wp:featuredmedia":[{"embeddable":true,"href":"https:\/\/blogdoedvaldomagalhaes.com.br\/index.php\/wp-json\/wp\/v2\/media\/117539"}],"wp:attachment":[{"href":"https:\/\/blogdoedvaldomagalhaes.com.br\/index.php\/wp-json\/wp\/v2\/media?parent=117537"}],"wp:term":[{"taxonomy":"category","embeddable":true,"href":"https:\/\/blogdoedvaldomagalhaes.com.br\/index.php\/wp-json\/wp\/v2\/categories?post=117537"},{"taxonomy":"post_tag","embeddable":true,"href":"https:\/\/blogdoedvaldomagalhaes.com.br\/index.php\/wp-json\/wp\/v2\/tags?post=117537"}],"curies":[{"name":"wp","href":"https:\/\/api.w.org\/{rel}","templated":true}]}}