{"id":117521,"date":"2025-03-16T21:30:34","date_gmt":"2025-03-17T00:30:34","guid":{"rendered":"https:\/\/blogdoedvaldomagalhaes.com.br\/?p=117521"},"modified":"2025-03-17T11:38:13","modified_gmt":"2025-03-17T14:38:13","slug":"homem-e-assassinado-dentro-de-casa-em-caruaru-2","status":"publish","type":"post","link":"https:\/\/blogdoedvaldomagalhaes.com.br\/index.php\/2025\/03\/16\/homem-e-assassinado-dentro-de-casa-em-caruaru-2\/","title":{"rendered":"Homem \u00e9 assassinado dentro de casa em Caruaru"},"content":{"rendered":"<p>Na noite deste domingo (16.03),  o ex-presidi\u00e1rio Alessandro Jos\u00e9 Luiz, de 30 anos de idade, que usava tornozeleira eletr\u00f4nica, e era motorista de aplicativo, foi assassinado a tiros dentro de uma casa na rua 92, no bairro bairro Morada Nova, em Caruaru.<\/p>\n<p>A Pol\u00edcia Militar realizou o isolamento do local, a equipe da For\u00e7a Tarefa de Homic\u00eddios colheu depoimentos de familiares e vizinhos da v\u00edtima, acompanhou a per\u00edcia que foi realizada pelo IC e em seguida encaminhou o corpo para o IML local.<\/p>\n<p>Este foi 6\u00b0 homic\u00eddio de mar\u00e7o e o 21\u00b0 no ano de 2025, em Caruaru.<\/p>\n<p><img loading=\"lazy\" decoding=\"async\" src=\"https:\/\/blogdoedvaldomagalhaes.com.br\/wp-content\/uploads\/2025\/03\/img-20250316-wa0118242672950397842003.jpg\" class=\"wp-image-117533 alignnone size-full\" width=\"720\" height=\"481\" data-temp-aztec-id=\"08cb92e5-b7b2-475c-9555-243e5345c3c8\" srcset=\"https:\/\/blogdoedvaldomagalhaes.com.br\/wp-content\/uploads\/2025\/03\/img-20250316-wa0118242672950397842003.jpg 720w, https:\/\/blogdoedvaldomagalhaes.com.br\/wp-content\/uploads\/2025\/03\/img-20250316-wa0118242672950397842003-300x200.jpg 300w\" sizes=\"auto, (max-width: 720px) 100vw, 720px\" \/><\/p>\n<p>Foto da v\u00edtima<\/p>\n","protected":false},"excerpt":{"rendered":"<p>Na noite deste domingo (16.03), o ex-presidi\u00e1rio Alessandro Jos\u00e9 Luiz, de 30 anos de idade, que usava tornozeleira eletr\u00f4nica, e&hellip;<\/p>\n","protected":false},"author":1,"featured_media":117522,"comment_status":"closed","ping_status":"open","sticky":false,"template":"","format":"standard","meta":{"footnotes":""},"categories":[14121],"tags":[30592,27410,13146,28801,30177,5448],"class_list":["post-117521","post","type-post","status-publish","format-standard","has-post-thumbnail","hentry","category-policial","tag-blog-com-mais-seguidores","tag-blog-de-caruaru","tag-blog-edvaldo-magalhaes","tag-blog-mais-acessado","tag-homem-e-assassinado-dentro-de-casa-em-caruaru","tag-homicidio"],"_links":{"self":[{"href":"https:\/\/blogdoedvaldomagalhaes.com.br\/index.php\/wp-json\/wp\/v2\/posts\/117521","targetHints":{"allow":["GET"]}}],"collection":[{"href":"https:\/\/blogdoedvaldomagalhaes.com.br\/index.php\/wp-json\/wp\/v2\/posts"}],"about":[{"href":"https:\/\/blogdoedvaldomagalhaes.com.br\/index.php\/wp-json\/wp\/v2\/types\/post"}],"author":[{"embeddable":true,"href":"https:\/\/blogdoedvaldomagalhaes.com.br\/index.php\/wp-json\/wp\/v2\/users\/1"}],"replies":[{"embeddable":true,"href":"https:\/\/blogdoedvaldomagalhaes.com.br\/index.php\/wp-json\/wp\/v2\/comments?post=117521"}],"version-history":[{"count":9,"href":"https:\/\/blogdoedvaldomagalhaes.com.br\/index.php\/wp-json\/wp\/v2\/posts\/117521\/revisions"}],"predecessor-version":[{"id":117545,"href":"https:\/\/blogdoedvaldomagalhaes.com.br\/index.php\/wp-json\/wp\/v2\/posts\/117521\/revisions\/117545"}],"wp:featuredmedia":[{"embeddable":true,"href":"https:\/\/blogdoedvaldomagalhaes.com.br\/index.php\/wp-json\/wp\/v2\/media\/117522"}],"wp:attachment":[{"href":"https:\/\/blogdoedvaldomagalhaes.com.br\/index.php\/wp-json\/wp\/v2\/media?parent=117521"}],"wp:term":[{"taxonomy":"category","embeddable":true,"href":"https:\/\/blogdoedvaldomagalhaes.com.br\/index.php\/wp-json\/wp\/v2\/categories?post=117521"},{"taxonomy":"post_tag","embeddable":true,"href":"https:\/\/blogdoedvaldomagalhaes.com.br\/index.php\/wp-json\/wp\/v2\/tags?post=117521"}],"curies":[{"name":"wp","href":"https:\/\/api.w.org\/{rel}","templated":true}]}}