{"id":117466,"date":"2025-03-15T12:25:36","date_gmt":"2025-03-15T15:25:36","guid":{"rendered":"https:\/\/blogdoedvaldomagalhaes.com.br\/?p=117466"},"modified":"2025-03-15T12:32:33","modified_gmt":"2025-03-15T15:32:33","slug":"morre-vitor-hugo-guarda-municipal-de-caruaru","status":"publish","type":"post","link":"https:\/\/blogdoedvaldomagalhaes.com.br\/index.php\/2025\/03\/15\/morre-vitor-hugo-guarda-municipal-de-caruaru\/","title":{"rendered":"Morre Vitor Hugo, Guarda Municipal de Caruaru"},"content":{"rendered":"<p>Lamentavelmente morreu neste s\u00e1bado (15.03), o Guarda Municipal de Caruaru, V\u00edtor Hugo Gomes da Silva, 25 anos de idade, ap\u00f3s colidir em um poste da rede el\u00e9trica, enquanto pilotava sua motocicleta no Recife. <span style=\"font-size: revert;\">A GMC emitiu nota.<\/span><\/p>\n<p>NOTA DE PESA<\/p>\n<p><span style=\"font-size: revert;\">\u00c9 com profundo pesar que a Secretaria de Seguran\u00e7a Municipal de Caruaru (SSM) informa o falecimento do Guarda Municipal Vitor Hugo Gomes da Silva, ocorrido neste s\u00e1bado (15), v\u00edtima de acidente automobil\u00edstico.<\/span><\/p>\n<p>Sua dedica\u00e7\u00e3o e compromisso com a seguran\u00e7a de Caruaru jamais ser\u00e3o esquecidos. Aos parentes e amigos, toda a nossa solidariedade. Que Deus d\u00ea o amparo e conforto necess\u00e1rio a todos.<\/p>\n","protected":false},"excerpt":{"rendered":"<p>Lamentavelmente morreu neste s\u00e1bado (15.03), o Guarda Municipal de Caruaru, V\u00edtor Hugo Gomes da Silva, 25 anos de idade, ap\u00f3s&hellip;<\/p>\n","protected":false},"author":1,"featured_media":117467,"comment_status":"closed","ping_status":"open","sticky":false,"template":"","format":"standard","meta":{"footnotes":""},"categories":[14120],"tags":[28803,27410,2,32321,32966],"class_list":["post-117466","post","type-post","status-publish","format-standard","has-post-thumbnail","hentry","category-noticias","tag-blog-com-mais-visualizacoes","tag-blog-de-caruaru","tag-blog-do-edvaldo-magalhaes","tag-blog-mais-informacoes","tag-morre-vitor-hugo-guarda-municipal-de-caruaru"],"_links":{"self":[{"href":"https:\/\/blogdoedvaldomagalhaes.com.br\/index.php\/wp-json\/wp\/v2\/posts\/117466","targetHints":{"allow":["GET"]}}],"collection":[{"href":"https:\/\/blogdoedvaldomagalhaes.com.br\/index.php\/wp-json\/wp\/v2\/posts"}],"about":[{"href":"https:\/\/blogdoedvaldomagalhaes.com.br\/index.php\/wp-json\/wp\/v2\/types\/post"}],"author":[{"embeddable":true,"href":"https:\/\/blogdoedvaldomagalhaes.com.br\/index.php\/wp-json\/wp\/v2\/users\/1"}],"replies":[{"embeddable":true,"href":"https:\/\/blogdoedvaldomagalhaes.com.br\/index.php\/wp-json\/wp\/v2\/comments?post=117466"}],"version-history":[{"count":2,"href":"https:\/\/blogdoedvaldomagalhaes.com.br\/index.php\/wp-json\/wp\/v2\/posts\/117466\/revisions"}],"predecessor-version":[{"id":117470,"href":"https:\/\/blogdoedvaldomagalhaes.com.br\/index.php\/wp-json\/wp\/v2\/posts\/117466\/revisions\/117470"}],"wp:featuredmedia":[{"embeddable":true,"href":"https:\/\/blogdoedvaldomagalhaes.com.br\/index.php\/wp-json\/wp\/v2\/media\/117467"}],"wp:attachment":[{"href":"https:\/\/blogdoedvaldomagalhaes.com.br\/index.php\/wp-json\/wp\/v2\/media?parent=117466"}],"wp:term":[{"taxonomy":"category","embeddable":true,"href":"https:\/\/blogdoedvaldomagalhaes.com.br\/index.php\/wp-json\/wp\/v2\/categories?post=117466"},{"taxonomy":"post_tag","embeddable":true,"href":"https:\/\/blogdoedvaldomagalhaes.com.br\/index.php\/wp-json\/wp\/v2\/tags?post=117466"}],"curies":[{"name":"wp","href":"https:\/\/api.w.org\/{rel}","templated":true}]}}