{"id":117462,"date":"2025-03-14T21:06:45","date_gmt":"2025-03-15T00:06:45","guid":{"rendered":"https:\/\/blogdoedvaldomagalhaes.com.br\/?p=117462"},"modified":"2025-03-14T21:06:45","modified_gmt":"2025-03-15T00:06:45","slug":"aula-inaugural-do-cursinho-popular-edilson-de-gois-sera-neste-sabado-15","status":"publish","type":"post","link":"https:\/\/blogdoedvaldomagalhaes.com.br\/index.php\/2025\/03\/14\/aula-inaugural-do-cursinho-popular-edilson-de-gois-sera-neste-sabado-15\/","title":{"rendered":"Aula inaugural do Cursinho Popular Edilson de G\u00f3is ser\u00e1 neste s\u00e1bado (15)"},"content":{"rendered":"<p>A Secretaria de Educa\u00e7\u00e3o e Esportes de Caruaru realizar\u00e1, no pr\u00f3ximo s\u00e1bado (15.03), a aula inaugural do Cursinho Popular Professor Edilson de G\u00f3is. A aula acontecer\u00e1 \u00e0s 13h, no audit\u00f3rio da Secretaria de Educa\u00e7\u00e3o e Esportes de Caruaru, no bairro Petr\u00f3polis (antiga Fafica). <\/p>\n<p>O cursinho \u00e9 um projeto gratuito voltado para estudantes do Ensino M\u00e9dio e para aqueles que j\u00e1 conclu\u00edram essa etapa e desejam ingressar no ensino superior. Ao todo, foram disponibilizadas 600 vagas. Os alunos que se inscreveram devem comparecer para confirmar a vaga e dar in\u00edcio \u00e0 prepara\u00e7\u00e3o para o Enem e vestibulares.<\/p>\n<p>\u201cQueremos que cada aluno aproveite essa oportunidade, compare\u00e7a \u00e0s aulas e se envolva ativamente no processo de aprendizado. A frequ\u00eancia \u00e9 essencial para absorver o conte\u00fado e garantir uma prepara\u00e7\u00e3o s\u00f3lida. O Cursinho \u00e9 um passo importante para transformar sonhos em realidade, e nosso compromisso \u00e9 dar todo o suporte necess\u00e1rio para que os estudantes de Caruaru estejam prontos para os desafios do Enem e dos vestibulares, j\u00e1 que o sucesso no Enem exige dedica\u00e7\u00e3o e const\u00e2ncia\u201d, destacou o secret\u00e1rio de Educa\u00e7\u00e3o e Esportes, Kaio Cola\u00e7o.<\/p>\n<p>O cursinho oferece um ensino completo, abordando todas as \u00e1reas exigidas pelo Enem: Linguagens, C\u00f3digos e Reda\u00e7\u00e3o, Matem\u00e1tica, Ci\u00eancias da Natureza e Ci\u00eancias Humanas. O corpo docente \u00e9 formado por professores renomados e experientes, garantindo um ensino de qualidade.<\/p>\n<p>Confira a equipe de professores:<br \/>\n\t\u2022\tPortugu\u00eas e Reda\u00e7\u00e3o: Diego Lima<br \/>\n\t\u2022\tMatem\u00e1tica: Edson Jr. e Jonh Cleidson<br \/>\n\t\u2022\tHist\u00f3ria: Daniel Silva, Daniel G\u00f3is e Veridiano Santos<br \/>\n\t\u2022\tGeografia: Eraldo Valen\u00e7a e Nilton Augusto<br \/>\n\t\u2022\tBiologia: Raul Alves e Marcelo Bezerra<br \/>\n\t\u2022\tQu\u00edmica: Manoel Afonso e Marco Aur\u00e9lio<br \/>\n\t\u2022\tF\u00edsica: Danilo Farias e Lad\u00e1rio Filho<br \/>\n\t\u2022\tIngl\u00eas: S\u00e9rgio Ramona<br \/>\n\t\u2022\tEspanhol: Ticiana Roque<br \/>\n\t\u2022\tAul\u00f5es especiais: participa\u00e7\u00e3o do professor Menelau J\u00fanior<br \/>\nSeja seguidor do Instagram do Blog pelo @blogdoedvaldomagalhaes<\/p>\n","protected":false},"excerpt":{"rendered":"<p>A Secretaria de Educa\u00e7\u00e3o e Esportes de Caruaru realizar\u00e1, no pr\u00f3ximo s\u00e1bado (15.03), a aula inaugural do Cursinho Popular Professor&hellip;<\/p>\n","protected":false},"author":1,"featured_media":117463,"comment_status":"closed","ping_status":"open","sticky":false,"template":"","format":"standard","meta":{"footnotes":""},"categories":[14120],"tags":[32965,29440,27410,13146,28801],"class_list":["post-117462","post","type-post","status-publish","format-standard","has-post-thumbnail","hentry","category-noticias","tag-aula-inaugural-do-cursinho-popular-edilson-de-gois-sera-neste-sabado-15","tag-blog-com-mais-visualizacao","tag-blog-de-caruaru","tag-blog-edvaldo-magalhaes","tag-blog-mais-acessado"],"_links":{"self":[{"href":"https:\/\/blogdoedvaldomagalhaes.com.br\/index.php\/wp-json\/wp\/v2\/posts\/117462","targetHints":{"allow":["GET"]}}],"collection":[{"href":"https:\/\/blogdoedvaldomagalhaes.com.br\/index.php\/wp-json\/wp\/v2\/posts"}],"about":[{"href":"https:\/\/blogdoedvaldomagalhaes.com.br\/index.php\/wp-json\/wp\/v2\/types\/post"}],"author":[{"embeddable":true,"href":"https:\/\/blogdoedvaldomagalhaes.com.br\/index.php\/wp-json\/wp\/v2\/users\/1"}],"replies":[{"embeddable":true,"href":"https:\/\/blogdoedvaldomagalhaes.com.br\/index.php\/wp-json\/wp\/v2\/comments?post=117462"}],"version-history":[{"count":1,"href":"https:\/\/blogdoedvaldomagalhaes.com.br\/index.php\/wp-json\/wp\/v2\/posts\/117462\/revisions"}],"predecessor-version":[{"id":117464,"href":"https:\/\/blogdoedvaldomagalhaes.com.br\/index.php\/wp-json\/wp\/v2\/posts\/117462\/revisions\/117464"}],"wp:featuredmedia":[{"embeddable":true,"href":"https:\/\/blogdoedvaldomagalhaes.com.br\/index.php\/wp-json\/wp\/v2\/media\/117463"}],"wp:attachment":[{"href":"https:\/\/blogdoedvaldomagalhaes.com.br\/index.php\/wp-json\/wp\/v2\/media?parent=117462"}],"wp:term":[{"taxonomy":"category","embeddable":true,"href":"https:\/\/blogdoedvaldomagalhaes.com.br\/index.php\/wp-json\/wp\/v2\/categories?post=117462"},{"taxonomy":"post_tag","embeddable":true,"href":"https:\/\/blogdoedvaldomagalhaes.com.br\/index.php\/wp-json\/wp\/v2\/tags?post=117462"}],"curies":[{"name":"wp","href":"https:\/\/api.w.org\/{rel}","templated":true}]}}