{"id":117451,"date":"2025-03-14T17:11:33","date_gmt":"2025-03-14T20:11:33","guid":{"rendered":"https:\/\/blogdoedvaldomagalhaes.com.br\/?p=117451"},"modified":"2025-03-14T20:04:37","modified_gmt":"2025-03-14T23:04:37","slug":"comissao-de-desenvolvimento-economico-da-camara-de-caruaru-visita-a-feira-de-confeccoes","status":"publish","type":"post","link":"https:\/\/blogdoedvaldomagalhaes.com.br\/index.php\/2025\/03\/14\/comissao-de-desenvolvimento-economico-da-camara-de-caruaru-visita-a-feira-de-confeccoes\/","title":{"rendered":"Comiss\u00e3o de Desenvolvimento Econ\u00f4mico da C\u00e2mara de Caruaru visita \u00e0 Feira de Confec\u00e7\u00f5es"},"content":{"rendered":"<p>Na manh\u00e3 desta sexta-feira (14\/03), a Comiss\u00e3o de Desenvolvimento Econ\u00f4mico, Ind\u00fastria, Com\u00e9rcio e Servi\u00e7os, presidida pelo vereador Silvio Nascimento, e composta pelos edis J\u00fanior Letal e Carlos da Ceaca, fez uma visita t\u00e9cnica na feira da Confec\u00e7\u00f5es (Feira da Sulanca), para conversar com os feirantes e observar as interven\u00e7\u00f5es que est\u00e3o ocorrendo em alguns locais do Parque 18 de Maio. A visita tamb\u00e9m contou com a presen\u00e7a do vereador Gil Bobinho e dos secret\u00e1rios Manoel J\u00fanior (Feiras), e Vital Flor\u00eancio (Servi\u00e7os P\u00fablicos), al\u00e9m da presidente da associa\u00e7\u00e3o dos confeccionistas, F\u00e1tima Amaral.<\/p>\n<p>A Comiss\u00e3o visitou v\u00e1rios setores da feira, e assim escutou os anseios e desafios enfrentados pelos feirantes. Um ponto importante, levantado pelos feirantes, foi a respeito do dia de realiza\u00e7\u00e3o da feria. A maioria dos feirantes ouvidos demonstrou prefer\u00eancia por a feira ser realizada quinta-feira, come\u00e7ando logo no in\u00edcio do dia. Outro problema apurado foi em rela\u00e7\u00e3o aos feirantes que foram realocados e dizem estar passando por momentos de muita dificuldade. A feirante Marta Silva relatou: \u201cantes de vir para esse local, eu vendia em torno de 50 a 70 camisas por feira, hoje eu n\u00e3o vendi 10 camisas\u201d, mostrando muita preocupa\u00e7\u00e3o com o futuro. O vereador Silvio Nascimento, disse: &#8220;a visita t\u00e9cnica foi muito importante, pois pudemos ver in loco, a realidade que os feirantes e compradores passam em dias de feira, e que \u00e9 essencial ouvir os feirantes, pois eles que conhecem o que realmente se passa na feira&#8221;.<\/p>\n<p>Quando questionado pelas obras do estacionamento da vi\u00fava, que passa por uma requalifica\u00e7\u00e3o, o secret\u00e1rio de feiras, Manoel J\u00fanior, explicou como ser\u00e1 o projeto do estacionamento e que algumas interven\u00e7\u00f5es come\u00e7aram dia 10 de mar\u00e7o, como por exemplo a remo\u00e7\u00e3o de \u00e1rvores e a limpeza do espa\u00e7o. Explicou que a empresa vencedora na licita\u00e7\u00e3o, ir\u00e1 realizar a requalifica\u00e7\u00e3o do estacionamento e levar\u00e1 o prazo de tr\u00eas meses para entregar a obra pronta, ap\u00f3s a remo\u00e7\u00e3o do piso atual, que est\u00e1 sendo feita pela prefeitura. Ainda ressaltou que o estacionamento da vi\u00fava, ser\u00e1 exclusivamente para \u00f4nibus em dias de feira.<\/p>\n<p>Depois da vistoria de hoje, ficou acordado que a Comiss\u00e3o de Desenvolvimento, realizar\u00e1 uma visita ao Moda Center Santa Cruz, para conhecer as boas pr\u00e1ticas que acontecem naquele empreendimento, e assim elaborar um relat\u00f3rio para ser apreciado e aplicar o que for poss\u00edvel para melhorias na feira da Sulanca de Caruaru. Foto: Divulga\u00e7\u00e3o<br \/>\nSiga o Instagram do Blog no Instagram<\/p>\n","protected":false},"excerpt":{"rendered":"<p>Na manh\u00e3 desta sexta-feira (14\/03), a Comiss\u00e3o de Desenvolvimento Econ\u00f4mico, Ind\u00fastria, Com\u00e9rcio e Servi\u00e7os, presidida pelo vereador Silvio Nascimento, e&hellip;<\/p>\n","protected":false},"author":1,"featured_media":117453,"comment_status":"closed","ping_status":"open","sticky":false,"template":"","format":"standard","meta":{"footnotes":""},"categories":[14122],"tags":[31914,27410,28801,32962,20295],"class_list":["post-117451","post","type-post","status-publish","format-standard","has-post-thumbnail","hentry","category-politica","tag-blog-com-mais-informacoes","tag-blog-de-caruaru","tag-blog-mais-acessado","tag-comissao-de-desenvolvimento-economico-da-camara-de-caruaru-visita-a-feira-da-sulanca","tag-politica-2"],"_links":{"self":[{"href":"https:\/\/blogdoedvaldomagalhaes.com.br\/index.php\/wp-json\/wp\/v2\/posts\/117451","targetHints":{"allow":["GET"]}}],"collection":[{"href":"https:\/\/blogdoedvaldomagalhaes.com.br\/index.php\/wp-json\/wp\/v2\/posts"}],"about":[{"href":"https:\/\/blogdoedvaldomagalhaes.com.br\/index.php\/wp-json\/wp\/v2\/types\/post"}],"author":[{"embeddable":true,"href":"https:\/\/blogdoedvaldomagalhaes.com.br\/index.php\/wp-json\/wp\/v2\/users\/1"}],"replies":[{"embeddable":true,"href":"https:\/\/blogdoedvaldomagalhaes.com.br\/index.php\/wp-json\/wp\/v2\/comments?post=117451"}],"version-history":[{"count":2,"href":"https:\/\/blogdoedvaldomagalhaes.com.br\/index.php\/wp-json\/wp\/v2\/posts\/117451\/revisions"}],"predecessor-version":[{"id":117455,"href":"https:\/\/blogdoedvaldomagalhaes.com.br\/index.php\/wp-json\/wp\/v2\/posts\/117451\/revisions\/117455"}],"wp:featuredmedia":[{"embeddable":true,"href":"https:\/\/blogdoedvaldomagalhaes.com.br\/index.php\/wp-json\/wp\/v2\/media\/117453"}],"wp:attachment":[{"href":"https:\/\/blogdoedvaldomagalhaes.com.br\/index.php\/wp-json\/wp\/v2\/media?parent=117451"}],"wp:term":[{"taxonomy":"category","embeddable":true,"href":"https:\/\/blogdoedvaldomagalhaes.com.br\/index.php\/wp-json\/wp\/v2\/categories?post=117451"},{"taxonomy":"post_tag","embeddable":true,"href":"https:\/\/blogdoedvaldomagalhaes.com.br\/index.php\/wp-json\/wp\/v2\/tags?post=117451"}],"curies":[{"name":"wp","href":"https:\/\/api.w.org\/{rel}","templated":true}]}}