{"id":117446,"date":"2025-03-14T15:00:19","date_gmt":"2025-03-14T18:00:19","guid":{"rendered":"https:\/\/blogdoedvaldomagalhaes.com.br\/?p=117446"},"modified":"2025-03-14T15:06:54","modified_gmt":"2025-03-14T18:06:54","slug":"onibus-atropela-cavalo-na-br-232-e-deixa-varios-feridos","status":"publish","type":"post","link":"https:\/\/blogdoedvaldomagalhaes.com.br\/index.php\/2025\/03\/14\/onibus-atropela-cavalo-na-br-232-e-deixa-varios-feridos\/","title":{"rendered":"\u00d4nibus atropela cavalo na BR 232 e deixa v\u00e1rios feridos"},"content":{"rendered":"<p>O sinistro de tr\u00e2nsito ocorreu por volta das 2h50 da madrugada, desta sexta-feira (14.03), no Km 415 da BR 232, em Serra Talhada, no Sert\u00e3o de Pernambuco.<\/p>\n<p>O motorista de um \u00f4nibus atropelou um cavalo e tombou na rodovia. Havia 27 passageiros no ve\u00edculo. 12 passageiros e o motorista ficaram feridos e foram encaminhados para o Hospital de Serra Talhada.<\/p>\n<p>O motorista realizou o teste do baf\u00f4metro e o resultado foi normal. O \u00f4nibus da empresa Progresso saiu de S\u00e3o Lu\u00eds, no Maranh\u00e3o, com destino a Recife, em Pernambuco.<br \/>\n Foto: Divulga\u00e7\u00e3o\/PRF<br \/>\nSiga o Instagram do Blog pelo @blogdoedvaldomagalhaes<\/p>\n","protected":false},"excerpt":{"rendered":"<p>O sinistro de tr\u00e2nsito ocorreu por volta das 2h50 da madrugada, desta sexta-feira (14.03), no Km 415 da BR 232,&hellip;<\/p>\n","protected":false},"author":1,"featured_media":117447,"comment_status":"closed","ping_status":"open","sticky":false,"template":"","format":"standard","meta":{"footnotes":""},"categories":[14120],"tags":[14276,29440,27410,2,28801,32961,30295],"class_list":["post-117446","post","type-post","status-publish","format-standard","has-post-thumbnail","hentry","category-noticias","tag-acidente","tag-blog-com-mais-visualizacao","tag-blog-de-caruaru","tag-blog-do-edvaldo-magalhaes","tag-blog-mais-acessado","tag-onibus-atropela-cavalo-na-br-232-e-deixa-varios-feridos","tag-sinistro"],"_links":{"self":[{"href":"https:\/\/blogdoedvaldomagalhaes.com.br\/index.php\/wp-json\/wp\/v2\/posts\/117446","targetHints":{"allow":["GET"]}}],"collection":[{"href":"https:\/\/blogdoedvaldomagalhaes.com.br\/index.php\/wp-json\/wp\/v2\/posts"}],"about":[{"href":"https:\/\/blogdoedvaldomagalhaes.com.br\/index.php\/wp-json\/wp\/v2\/types\/post"}],"author":[{"embeddable":true,"href":"https:\/\/blogdoedvaldomagalhaes.com.br\/index.php\/wp-json\/wp\/v2\/users\/1"}],"replies":[{"embeddable":true,"href":"https:\/\/blogdoedvaldomagalhaes.com.br\/index.php\/wp-json\/wp\/v2\/comments?post=117446"}],"version-history":[{"count":3,"href":"https:\/\/blogdoedvaldomagalhaes.com.br\/index.php\/wp-json\/wp\/v2\/posts\/117446\/revisions"}],"predecessor-version":[{"id":117450,"href":"https:\/\/blogdoedvaldomagalhaes.com.br\/index.php\/wp-json\/wp\/v2\/posts\/117446\/revisions\/117450"}],"wp:featuredmedia":[{"embeddable":true,"href":"https:\/\/blogdoedvaldomagalhaes.com.br\/index.php\/wp-json\/wp\/v2\/media\/117447"}],"wp:attachment":[{"href":"https:\/\/blogdoedvaldomagalhaes.com.br\/index.php\/wp-json\/wp\/v2\/media?parent=117446"}],"wp:term":[{"taxonomy":"category","embeddable":true,"href":"https:\/\/blogdoedvaldomagalhaes.com.br\/index.php\/wp-json\/wp\/v2\/categories?post=117446"},{"taxonomy":"post_tag","embeddable":true,"href":"https:\/\/blogdoedvaldomagalhaes.com.br\/index.php\/wp-json\/wp\/v2\/tags?post=117446"}],"curies":[{"name":"wp","href":"https:\/\/api.w.org\/{rel}","templated":true}]}}