{"id":117331,"date":"2025-03-11T10:52:48","date_gmt":"2025-03-11T13:52:48","guid":{"rendered":"https:\/\/blogdoedvaldomagalhaes.com.br\/?p=117331"},"modified":"2025-03-11T10:52:48","modified_gmt":"2025-03-11T13:52:48","slug":"pm-prende-08-suspeitos-que-planejavam-matar-medico","status":"publish","type":"post","link":"https:\/\/blogdoedvaldomagalhaes.com.br\/index.php\/2025\/03\/11\/pm-prende-08-suspeitos-que-planejavam-matar-medico\/","title":{"rendered":"PM prende 08 suspeitos que planejavam matar m\u00e9dico"},"content":{"rendered":"<p>Em uma a\u00e7\u00e3o interestadual integrada de Intelig\u00eancia, envolvendo a Pol\u00edcia Militar de Pernambuco e do Cear\u00e1, foi desmontada uma opera\u00e7\u00e3o criminosa que planejava o assassinato de um m\u00e9dico, ex-prefeito da cidade cearense de Nova Olinda.<\/p>\n<p>Um total de oito suspeitos foram presos, sendo cinco deles em Gravat\u00e1, atrav\u00e9s da 5\u00aa CIPM de Pernambuco, e tr\u00eas em Nova Olinda, Juazeiro do Norte e Crato, atrav\u00e9s do BEPI cearense. Com o grupo foram apreendidos dois ve\u00edculos, duas pistolas e muni\u00e7\u00f5es.<\/p>\n<p>As pris\u00f5es foram formalizadas no Crato e todos os envolvidos acabaram autuados por associa\u00e7\u00e3o criminosa, porte ilegal de armas e adultera\u00e7\u00e3o de ve\u00edculo automotor.<br \/>\nSeja seguidor do Instagram do Blog pelo @blogdoedvaldomagalhaes<\/p>\n","protected":false},"excerpt":{"rendered":"<p>Em uma a\u00e7\u00e3o interestadual integrada de Intelig\u00eancia, envolvendo a Pol\u00edcia Militar de Pernambuco e do Cear\u00e1, foi desmontada uma opera\u00e7\u00e3o&hellip;<\/p>\n","protected":false},"author":1,"featured_media":117332,"comment_status":"closed","ping_status":"open","sticky":false,"template":"","format":"standard","meta":{"footnotes":""},"categories":[14121],"tags":[30592,27410,13146,28801,32929],"class_list":["post-117331","post","type-post","status-publish","format-standard","has-post-thumbnail","hentry","category-policial","tag-blog-com-mais-seguidores","tag-blog-de-caruaru","tag-blog-edvaldo-magalhaes","tag-blog-mais-acessado","tag-pm-prende-08-suspeitos-que-planejavam-matar-medico"],"_links":{"self":[{"href":"https:\/\/blogdoedvaldomagalhaes.com.br\/index.php\/wp-json\/wp\/v2\/posts\/117331","targetHints":{"allow":["GET"]}}],"collection":[{"href":"https:\/\/blogdoedvaldomagalhaes.com.br\/index.php\/wp-json\/wp\/v2\/posts"}],"about":[{"href":"https:\/\/blogdoedvaldomagalhaes.com.br\/index.php\/wp-json\/wp\/v2\/types\/post"}],"author":[{"embeddable":true,"href":"https:\/\/blogdoedvaldomagalhaes.com.br\/index.php\/wp-json\/wp\/v2\/users\/1"}],"replies":[{"embeddable":true,"href":"https:\/\/blogdoedvaldomagalhaes.com.br\/index.php\/wp-json\/wp\/v2\/comments?post=117331"}],"version-history":[{"count":1,"href":"https:\/\/blogdoedvaldomagalhaes.com.br\/index.php\/wp-json\/wp\/v2\/posts\/117331\/revisions"}],"predecessor-version":[{"id":117333,"href":"https:\/\/blogdoedvaldomagalhaes.com.br\/index.php\/wp-json\/wp\/v2\/posts\/117331\/revisions\/117333"}],"wp:featuredmedia":[{"embeddable":true,"href":"https:\/\/blogdoedvaldomagalhaes.com.br\/index.php\/wp-json\/wp\/v2\/media\/117332"}],"wp:attachment":[{"href":"https:\/\/blogdoedvaldomagalhaes.com.br\/index.php\/wp-json\/wp\/v2\/media?parent=117331"}],"wp:term":[{"taxonomy":"category","embeddable":true,"href":"https:\/\/blogdoedvaldomagalhaes.com.br\/index.php\/wp-json\/wp\/v2\/categories?post=117331"},{"taxonomy":"post_tag","embeddable":true,"href":"https:\/\/blogdoedvaldomagalhaes.com.br\/index.php\/wp-json\/wp\/v2\/tags?post=117331"}],"curies":[{"name":"wp","href":"https:\/\/api.w.org\/{rel}","templated":true}]}}