{"id":117328,"date":"2025-03-11T08:53:57","date_gmt":"2025-03-11T11:53:57","guid":{"rendered":"https:\/\/blogdoedvaldomagalhaes.com.br\/?p=117328"},"modified":"2025-03-11T08:53:57","modified_gmt":"2025-03-11T11:53:57","slug":"rodrigo-pinheiro-reforca-seu-compromisso-com-raquel-lyra-em-solenidade-do-psd","status":"publish","type":"post","link":"https:\/\/blogdoedvaldomagalhaes.com.br\/index.php\/2025\/03\/11\/rodrigo-pinheiro-reforca-seu-compromisso-com-raquel-lyra-em-solenidade-do-psd\/","title":{"rendered":"Rodrigo Pinheiro refor\u00e7a seu compromisso com Raquel Lyra em solenidade do PSD"},"content":{"rendered":"<p>O prefeito de Caruaru, Rodrigo Pinheiro (PSDB), reafirmou seu compromisso com a governadora Raquel Lyra, que oficializou sua filia\u00e7\u00e3o ao PSD nesta segunda-feira (10). O evento, realizado no Recife, reuniu uma grande quantidade de lideran\u00e7as pol\u00edticas de todo Pernambuco, demonstrando a for\u00e7a da governadora no novo partido.<\/p>\n<p>Presente na solenidade, Pinheiro destacou, mais uma vez, sua lealdade a Raquel e a import\u00e2ncia da parceria para o desenvolvimento de Pernambuco. \u201cSou aliado da governadora e estarei ao seu lado onde ela estiver. Meu compromisso \u00e9 com esse projeto que vem transformando nosso estado nos \u00faltimos dois anos\u201d, disse o prefeito, que reafirmou que segue no PSDB.<br \/>\nSiga o Instagram do Blog pelo @blogdoedvaldomagalhaes<br \/>\nFoto: Elvis \u00c9dson <\/p>\n","protected":false},"excerpt":{"rendered":"<p>O prefeito de Caruaru, Rodrigo Pinheiro (PSDB), reafirmou seu compromisso com a governadora Raquel Lyra, que oficializou sua filia\u00e7\u00e3o ao&hellip;<\/p>\n","protected":false},"author":1,"featured_media":117329,"comment_status":"closed","ping_status":"open","sticky":false,"template":"","format":"standard","meta":{"footnotes":""},"categories":[14122],"tags":[29440,27410,2,28801,32928],"class_list":["post-117328","post","type-post","status-publish","format-standard","has-post-thumbnail","hentry","category-politica","tag-blog-com-mais-visualizacao","tag-blog-de-caruaru","tag-blog-do-edvaldo-magalhaes","tag-blog-mais-acessado","tag-rodrigo-pinheiro-reforca-seu-compromisso-com-raquel-lyra-em-solenidade-do-psd"],"_links":{"self":[{"href":"https:\/\/blogdoedvaldomagalhaes.com.br\/index.php\/wp-json\/wp\/v2\/posts\/117328","targetHints":{"allow":["GET"]}}],"collection":[{"href":"https:\/\/blogdoedvaldomagalhaes.com.br\/index.php\/wp-json\/wp\/v2\/posts"}],"about":[{"href":"https:\/\/blogdoedvaldomagalhaes.com.br\/index.php\/wp-json\/wp\/v2\/types\/post"}],"author":[{"embeddable":true,"href":"https:\/\/blogdoedvaldomagalhaes.com.br\/index.php\/wp-json\/wp\/v2\/users\/1"}],"replies":[{"embeddable":true,"href":"https:\/\/blogdoedvaldomagalhaes.com.br\/index.php\/wp-json\/wp\/v2\/comments?post=117328"}],"version-history":[{"count":1,"href":"https:\/\/blogdoedvaldomagalhaes.com.br\/index.php\/wp-json\/wp\/v2\/posts\/117328\/revisions"}],"predecessor-version":[{"id":117330,"href":"https:\/\/blogdoedvaldomagalhaes.com.br\/index.php\/wp-json\/wp\/v2\/posts\/117328\/revisions\/117330"}],"wp:featuredmedia":[{"embeddable":true,"href":"https:\/\/blogdoedvaldomagalhaes.com.br\/index.php\/wp-json\/wp\/v2\/media\/117329"}],"wp:attachment":[{"href":"https:\/\/blogdoedvaldomagalhaes.com.br\/index.php\/wp-json\/wp\/v2\/media?parent=117328"}],"wp:term":[{"taxonomy":"category","embeddable":true,"href":"https:\/\/blogdoedvaldomagalhaes.com.br\/index.php\/wp-json\/wp\/v2\/categories?post=117328"},{"taxonomy":"post_tag","embeddable":true,"href":"https:\/\/blogdoedvaldomagalhaes.com.br\/index.php\/wp-json\/wp\/v2\/tags?post=117328"}],"curies":[{"name":"wp","href":"https:\/\/api.w.org\/{rel}","templated":true}]}}