{"id":117319,"date":"2025-03-10T17:15:58","date_gmt":"2025-03-10T20:15:58","guid":{"rendered":"https:\/\/blogdoedvaldomagalhaes.com.br\/?p=117319"},"modified":"2025-03-10T17:15:58","modified_gmt":"2025-03-10T20:15:58","slug":"caruaru-vivenciara-a-8a-edicao-do-slam-karuaru-vozes-de-resistencia-poesia-contra-o-silencio","status":"publish","type":"post","link":"https:\/\/blogdoedvaldomagalhaes.com.br\/index.php\/2025\/03\/10\/caruaru-vivenciara-a-8a-edicao-do-slam-karuaru-vozes-de-resistencia-poesia-contra-o-silencio\/","title":{"rendered":"Caruaru vivenciar\u00e1 a 8\u00aa edi\u00e7\u00e3o do Slam Karuaru \u201cVozes de resist\u00eancia: poesia contra o sil\u00eancio\u201d"},"content":{"rendered":"<p>A Esta\u00e7\u00e3o Ferrovi\u00e1ria e o Monte Bom Jesus, em Caruaru ser\u00e3o palco entre os dias 29 e 30 de mar\u00e7o de um festival de poesia falada. O evento anual, organizado pelo Slam Karuaru reunir\u00e1 20 poetas, tamb\u00e9m conhecidos como slammers que trabalhar\u00e3o em cima de dois temas: &#8220;Contra a Ditadura Militar&#8221; e &#8220;M\u00eas das Mulheres&#8221; e o acesso do p\u00fablico \u00e9 gratuito. Esta edi\u00e7\u00e3o homenagear\u00e1 a poetisa e cantora Preta Iza, falecida em 2023.<\/p>\n<p>Os Slams Maria Kil\u00f4 e Preta Iza foram criados nesta edi\u00e7\u00e3o para homenagear a poetisa e conduzir\u00e3o as batalhas da seguinte forma: O Preta Iza acontecer\u00e1 no Monte Bom Jesus e trar\u00e1 poetas indicados por cada Slam do Estado: Karuaru, Bezerros, Capibaribe, Das Minas PE e Arcoverde. J\u00e1 o Maria Kil\u00f4 acontecer\u00e1 na Esta\u00e7\u00e3o Ferrovi\u00e1ria e trar\u00e1 poetas que se inscreveram para a batalha. Os vencedores ser\u00e3o premiados em dinheiro<\/p>\n<p>Cada poeta ter\u00e1 tr\u00eas minutos para recitar seus textos, que ser\u00e3o avaliados pelo j\u00fari dando notas de 0 a 10, para cada apresenta\u00e7\u00e3o. Caso haja empate haver\u00e1  uma rodada extra. Al\u00e9m da competi\u00e7\u00e3o principal, o festival tamb\u00e9m contar\u00e1 com apresenta\u00e7\u00f5es de poetas convidados, poesias musicadas, interven\u00e7\u00f5es art\u00edsticas e um microfone aberto para o p\u00fablico. Al\u00e9m disso, a presen\u00e7a de um int\u00e9rprete de Libras garantir\u00e1 a inclus\u00e3o de pessoas com defici\u00eancia auditiva. <\/p>\n<p>O projeto tem como p\u00fablico alvo pessoas entre 16 e 35 anos de idade, que tenham interesse em cultura urbana, express\u00e3o art\u00edstica e quest\u00f5es sociais contempor\u00e2neas. Assim como poetas, artistas e escritores locais, que buscam espa\u00e7os de visibilidade e intera\u00e7\u00e3o com outros criadores.<\/p>\n<p>De acordo com Urbano Leafa, organizador do festival e fundador   do Slam Karuaru, os temas buscam promover o debate junto \u00e0 sociedade e a troca de conhecimentos. \u201cO Slam Karuaru celebra a identidade, a resist\u00eancia e a arte como forma de express\u00e3o. O festival atrai entusiastas de cultura popular e tradicional, pessoas interessadas em manifesta\u00e7\u00f5es culturais que celebram a oralidade e a tradi\u00e7\u00e3o po\u00e9tica\u201d.<\/p>\n<p>Outra etapa do festival ser\u00e1 a realiza\u00e7\u00e3o do Slam em duas escolas p\u00fablicas da cidade. O objetivo \u00e9 envolver estudantes e professores promovendo educa\u00e7\u00e3o liter\u00e1ria e engajamento com temas sociais. \u201cN\u00f3s queremos incentivar o debate po\u00e9tico e promover a literatura desde a base educacional, fortalecer a produ\u00e7\u00e3o cultural local e destacar o valor transformador da poesia como uma forma de resist\u00eancia e express\u00e3o art\u00edstica\u201d, explica Urbano.<\/p>\n<p>_Slam_<\/p>\n<p>Slam \u00e9 um tipo de poesia falada que surgiu em Chicago, em 1984 e consiste em competi\u00e7\u00f5es de poesia oral e autoral. As apresenta\u00e7\u00f5es n\u00e3o podem ser acompanhadas por m\u00fasica, figurinos, adere\u00e7os ou qualquer outro recurso visual. Aborda temas atuais, quest\u00f5es sociais, pol\u00edticas e pessoais.<br \/>\nSeja seguidor do Instagram do Blog pelo @blogdoedvaldomagalhaes<br \/>\nFoto: Divulga\u00e7\u00e3o <\/p>\n","protected":false},"excerpt":{"rendered":"<p>A Esta\u00e7\u00e3o Ferrovi\u00e1ria e o Monte Bom Jesus, em Caruaru ser\u00e3o palco entre os dias 29 e 30 de mar\u00e7o&hellip;<\/p>\n","protected":false},"author":1,"featured_media":117320,"comment_status":"closed","ping_status":"open","sticky":false,"template":"","format":"standard","meta":{"footnotes":""},"categories":[14120],"tags":[30253,28803,13146,28801,32926],"class_list":["post-117319","post","type-post","status-publish","format-standard","has-post-thumbnail","hentry","category-noticias","tag-blog-caruaru","tag-blog-com-mais-visualizacoes","tag-blog-edvaldo-magalhaes","tag-blog-mais-acessado","tag-caruaru-vivenciara-a-8a-edicao-do-slam-karuaru-vozes-de-resistencia-poesia-contra-o-silencio"],"_links":{"self":[{"href":"https:\/\/blogdoedvaldomagalhaes.com.br\/index.php\/wp-json\/wp\/v2\/posts\/117319","targetHints":{"allow":["GET"]}}],"collection":[{"href":"https:\/\/blogdoedvaldomagalhaes.com.br\/index.php\/wp-json\/wp\/v2\/posts"}],"about":[{"href":"https:\/\/blogdoedvaldomagalhaes.com.br\/index.php\/wp-json\/wp\/v2\/types\/post"}],"author":[{"embeddable":true,"href":"https:\/\/blogdoedvaldomagalhaes.com.br\/index.php\/wp-json\/wp\/v2\/users\/1"}],"replies":[{"embeddable":true,"href":"https:\/\/blogdoedvaldomagalhaes.com.br\/index.php\/wp-json\/wp\/v2\/comments?post=117319"}],"version-history":[{"count":1,"href":"https:\/\/blogdoedvaldomagalhaes.com.br\/index.php\/wp-json\/wp\/v2\/posts\/117319\/revisions"}],"predecessor-version":[{"id":117321,"href":"https:\/\/blogdoedvaldomagalhaes.com.br\/index.php\/wp-json\/wp\/v2\/posts\/117319\/revisions\/117321"}],"wp:featuredmedia":[{"embeddable":true,"href":"https:\/\/blogdoedvaldomagalhaes.com.br\/index.php\/wp-json\/wp\/v2\/media\/117320"}],"wp:attachment":[{"href":"https:\/\/blogdoedvaldomagalhaes.com.br\/index.php\/wp-json\/wp\/v2\/media?parent=117319"}],"wp:term":[{"taxonomy":"category","embeddable":true,"href":"https:\/\/blogdoedvaldomagalhaes.com.br\/index.php\/wp-json\/wp\/v2\/categories?post=117319"},{"taxonomy":"post_tag","embeddable":true,"href":"https:\/\/blogdoedvaldomagalhaes.com.br\/index.php\/wp-json\/wp\/v2\/tags?post=117319"}],"curies":[{"name":"wp","href":"https:\/\/api.w.org\/{rel}","templated":true}]}}