{"id":116904,"date":"2025-02-21T17:54:48","date_gmt":"2025-02-21T20:54:48","guid":{"rendered":"https:\/\/blogdoedvaldomagalhaes.com.br\/?p=116904"},"modified":"2025-02-21T17:54:48","modified_gmt":"2025-02-21T20:54:48","slug":"bloco-inclusive-eu-promove-diversidade-e-inclusao-no-pre-carnaval-multicultural-de-caruaru","status":"publish","type":"post","link":"https:\/\/blogdoedvaldomagalhaes.com.br\/index.php\/2025\/02\/21\/bloco-inclusive-eu-promove-diversidade-e-inclusao-no-pre-carnaval-multicultural-de-caruaru\/","title":{"rendered":"Bloco &#8216;Inclusive Eu&#8217; promove diversidade e inclus\u00e3o no Pr\u00e9-carnaval Multicultural de Caruaru"},"content":{"rendered":"<p>A Secretaria de Assist\u00eancia Social e Combate \u00e0 Fome (SAS), promover\u00e1, neste s\u00e1bado (22), o Bloco Inclusive Eu, durante o Pr\u00e9-carnaval Multicultural. O cortejo, organizado pelo Servi\u00e7o de Conviv\u00eancia e Fortalecimento de V\u00ednculos (SCFV), pelo Centro Integrado de Direitos Humanos (CIDH) e pelo N\u00facleo Esportivo da SAS, acontecer\u00e1 a partir das 9h, com concentra\u00e7\u00e3o em frente \u00e0 Banca 3\u00ba Mundo, no centro da cidade, reunindo pessoas de todas as idades.<\/p>\n<p>O Bloco Inclusive Eu integra a programa\u00e7\u00e3o oficial do pr\u00e9-carnaval, proporcionando um espa\u00e7o de conviv\u00eancia e intera\u00e7\u00e3o social para toda a popula\u00e7\u00e3o. Durante o evento, est\u00e3o previstas atividades de acolhimento, apresenta\u00e7\u00f5es culturais e din\u00e2micas interativas que celebram a diversidade, incentivam o respeito e promovem o fortalecimento dos v\u00ednculos comunit\u00e1rios.<\/p>\n<p>&#8220;Essa \u00e9 uma maneira de mostrarmos, na pr\u00e1tica, que Caruaru \u00e9 uma cidade inclusiva. A\u00e7\u00f5es como essa ajudam a criar um ambiente de respeito e conviv\u00eancia, onde todos tenham seus direitos garantidos e sua autonomia respeitada&#8221;, destaca Katiuska Lopes, Secret\u00e1ria de Assist\u00eancia Social e Combate \u00e0 Fome de Caruaru.<br \/>\nSiga o Instagram do Blog pelo @blogdoedvaldomagalhaes<br \/>\nFoto: Divulga\u00e7\u00e3o<\/p>\n","protected":false},"excerpt":{"rendered":"<p>A Secretaria de Assist\u00eancia Social e Combate \u00e0 Fome (SAS), promover\u00e1, neste s\u00e1bado (22), o Bloco Inclusive Eu, durante o&hellip;<\/p>\n","protected":false},"author":1,"featured_media":116905,"comment_status":"closed","ping_status":"open","sticky":false,"template":"","format":"standard","meta":{"footnotes":""},"categories":[14120],"tags":[32819,28803,27410,13146,28801,14227],"class_list":["post-116904","post","type-post","status-publish","format-standard","has-post-thumbnail","hentry","category-noticias","tag-bloco-inclusive-eu-promove-diversidade-e-inclusao-no-pre-carnaval-multicultural-de-caruaru","tag-blog-com-mais-visualizacoes","tag-blog-de-caruaru","tag-blog-edvaldo-magalhaes","tag-blog-mais-acessado","tag-carnaval"],"_links":{"self":[{"href":"https:\/\/blogdoedvaldomagalhaes.com.br\/index.php\/wp-json\/wp\/v2\/posts\/116904","targetHints":{"allow":["GET"]}}],"collection":[{"href":"https:\/\/blogdoedvaldomagalhaes.com.br\/index.php\/wp-json\/wp\/v2\/posts"}],"about":[{"href":"https:\/\/blogdoedvaldomagalhaes.com.br\/index.php\/wp-json\/wp\/v2\/types\/post"}],"author":[{"embeddable":true,"href":"https:\/\/blogdoedvaldomagalhaes.com.br\/index.php\/wp-json\/wp\/v2\/users\/1"}],"replies":[{"embeddable":true,"href":"https:\/\/blogdoedvaldomagalhaes.com.br\/index.php\/wp-json\/wp\/v2\/comments?post=116904"}],"version-history":[{"count":1,"href":"https:\/\/blogdoedvaldomagalhaes.com.br\/index.php\/wp-json\/wp\/v2\/posts\/116904\/revisions"}],"predecessor-version":[{"id":116906,"href":"https:\/\/blogdoedvaldomagalhaes.com.br\/index.php\/wp-json\/wp\/v2\/posts\/116904\/revisions\/116906"}],"wp:featuredmedia":[{"embeddable":true,"href":"https:\/\/blogdoedvaldomagalhaes.com.br\/index.php\/wp-json\/wp\/v2\/media\/116905"}],"wp:attachment":[{"href":"https:\/\/blogdoedvaldomagalhaes.com.br\/index.php\/wp-json\/wp\/v2\/media?parent=116904"}],"wp:term":[{"taxonomy":"category","embeddable":true,"href":"https:\/\/blogdoedvaldomagalhaes.com.br\/index.php\/wp-json\/wp\/v2\/categories?post=116904"},{"taxonomy":"post_tag","embeddable":true,"href":"https:\/\/blogdoedvaldomagalhaes.com.br\/index.php\/wp-json\/wp\/v2\/tags?post=116904"}],"curies":[{"name":"wp","href":"https:\/\/api.w.org\/{rel}","templated":true}]}}