{"id":116901,"date":"2025-02-21T15:50:48","date_gmt":"2025-02-21T18:50:48","guid":{"rendered":"https:\/\/blogdoedvaldomagalhaes.com.br\/?p=116901"},"modified":"2025-02-21T15:50:48","modified_gmt":"2025-02-21T18:50:48","slug":"mulher-morre-outra-fica-ferida-apos-colisao-entre-tres-veiculos-em-caruaru","status":"publish","type":"post","link":"https:\/\/blogdoedvaldomagalhaes.com.br\/index.php\/2025\/02\/21\/mulher-morre-outra-fica-ferida-apos-colisao-entre-tres-veiculos-em-caruaru\/","title":{"rendered":"Mulher morre outra fica ferida, ap\u00f3s colis\u00e3o entre tr\u00eas ve\u00edculos em Caruaru"},"content":{"rendered":"<p>Por volta das 13h, desta sexta-feira (21.02) a PRF foi acionada para atender um sinistro no Km 74,6 da BR 104, em Caruaru.<\/p>\n<p>A Pol\u00edcia Rodovi\u00e1ria Federal suspeita que um ve\u00edculo (IX35) acessou a contram\u00e3o da rodovia, colidiu na lateral de uma caminhonete (Ranger), rodou na pista e colidiu de frente com outro ve\u00edculo (Classic).<\/p>\n<p>A condutora do IX35 faleceu no local. A passageira ficou ferida e foi encaminhada para o Hospital Regional do Agreste.<\/p>\n<p>O motorista do Classic e o da Ranger n\u00e3o ficaram feridos. Eles realizaram o teste do baf\u00f4metro e o resultado foi normal.<\/p>\n<p>Al\u00e9m da PRF, o IC e IML est\u00e3o no local. A Pol\u00edcia Civil vai investigar o caso.<br \/>\nSeja seguidor do Instagram do Blog pelo @blogdoedvaldomagalhaes<br \/>\nFoto: Divulga\u00e7\u00e3o\/PRF<\/p>\n","protected":false},"excerpt":{"rendered":"<p>Por volta das 13h, desta sexta-feira (21.02) a PRF foi acionada para atender um sinistro no Km 74,6 da BR&hellip;<\/p>\n","protected":false},"author":1,"featured_media":116902,"comment_status":"closed","ping_status":"open","sticky":false,"template":"","format":"standard","meta":{"footnotes":""},"categories":[14120],"tags":[14276,29440,27410,2,28801,32818,30295,21225],"class_list":["post-116901","post","type-post","status-publish","format-standard","has-post-thumbnail","hentry","category-noticias","tag-acidente","tag-blog-com-mais-visualizacao","tag-blog-de-caruaru","tag-blog-do-edvaldo-magalhaes","tag-blog-mais-acessado","tag-mulher-morre-apos-colisao-entre-tres-veiculos-em-caruaru","tag-sinistro","tag-transito"],"_links":{"self":[{"href":"https:\/\/blogdoedvaldomagalhaes.com.br\/index.php\/wp-json\/wp\/v2\/posts\/116901","targetHints":{"allow":["GET"]}}],"collection":[{"href":"https:\/\/blogdoedvaldomagalhaes.com.br\/index.php\/wp-json\/wp\/v2\/posts"}],"about":[{"href":"https:\/\/blogdoedvaldomagalhaes.com.br\/index.php\/wp-json\/wp\/v2\/types\/post"}],"author":[{"embeddable":true,"href":"https:\/\/blogdoedvaldomagalhaes.com.br\/index.php\/wp-json\/wp\/v2\/users\/1"}],"replies":[{"embeddable":true,"href":"https:\/\/blogdoedvaldomagalhaes.com.br\/index.php\/wp-json\/wp\/v2\/comments?post=116901"}],"version-history":[{"count":1,"href":"https:\/\/blogdoedvaldomagalhaes.com.br\/index.php\/wp-json\/wp\/v2\/posts\/116901\/revisions"}],"predecessor-version":[{"id":116903,"href":"https:\/\/blogdoedvaldomagalhaes.com.br\/index.php\/wp-json\/wp\/v2\/posts\/116901\/revisions\/116903"}],"wp:featuredmedia":[{"embeddable":true,"href":"https:\/\/blogdoedvaldomagalhaes.com.br\/index.php\/wp-json\/wp\/v2\/media\/116902"}],"wp:attachment":[{"href":"https:\/\/blogdoedvaldomagalhaes.com.br\/index.php\/wp-json\/wp\/v2\/media?parent=116901"}],"wp:term":[{"taxonomy":"category","embeddable":true,"href":"https:\/\/blogdoedvaldomagalhaes.com.br\/index.php\/wp-json\/wp\/v2\/categories?post=116901"},{"taxonomy":"post_tag","embeddable":true,"href":"https:\/\/blogdoedvaldomagalhaes.com.br\/index.php\/wp-json\/wp\/v2\/tags?post=116901"}],"curies":[{"name":"wp","href":"https:\/\/api.w.org\/{rel}","templated":true}]}}