{"id":116898,"date":"2025-02-21T15:45:05","date_gmt":"2025-02-21T18:45:05","guid":{"rendered":"https:\/\/blogdoedvaldomagalhaes.com.br\/?p=116898"},"modified":"2025-02-21T15:45:05","modified_gmt":"2025-02-21T18:45:05","slug":"anderson-correia-discute-politicas-publicas-com-protetores-no-ministerio-publico-em-gravata","status":"publish","type":"post","link":"https:\/\/blogdoedvaldomagalhaes.com.br\/index.php\/2025\/02\/21\/anderson-correia-discute-politicas-publicas-com-protetores-no-ministerio-publico-em-gravata\/","title":{"rendered":"Anderson Correia discute pol\u00edticas p\u00fablicas com protetores no Minist\u00e9rio P\u00fablico em Gravat\u00e1"},"content":{"rendered":"<p>O vereador Anderson Correia (PP) segue cumprindo agendas fora dos limites de Caruaru. Ap\u00f3s ter visitado a regi\u00e3o da Mata Sul, nos munic\u00edpios de Catende e Palmares na \u00faltima quarta-feira (19), o parlamentar esteve em Gravat\u00e1 nesta sexta-feira (21), convidado pelos protetores do Projeto Rabitos, que faz um trabalho incisivo de cuidado, prote\u00e7\u00e3o e assist\u00eancia aos animais daquela regi\u00e3o. A pauta foi a discuss\u00e3o de pol\u00edticas p\u00fablicas animalistas no Minist\u00e9rio P\u00fablico, com sugest\u00f5es levadas por Correia para fiscaliza\u00e7\u00e3o e combate aos crimes de maus-tratos, al\u00e9m de outras medidas que podem ser implantadas no munic\u00edpio em prol dos direitos dos animais.<\/p>\n<p>\u201cSabemos da import\u00e2ncia da atua\u00e7\u00e3o do Minist\u00e9rio P\u00fablico de Pernambuco nos munic\u00edpios, para defender os interesses da sociedade, responsabilizando penalmente quem comete crimes como os de maus-tratos, al\u00e9m de proteger nosso meio ambiente. Por isso, juntamente com os protetores do Projeto Rabitos, fomos muito bem recepcionados pelo promotor de justi\u00e7a Dr. Adriano Camargo Vieira, onde debatemos pol\u00edticas animalistas para Gravat\u00e1, no intuito do crescimento desta pauta na cidade, bem como em lutar para que os direitos dos animais sejam respeitados e as legisla\u00e7\u00f5es colocadas em pr\u00e1tica. Debates como esse s\u00e3o necess\u00e1rios para seguirmos lutando pelas pessoas e pelos animais no interior do Estado\u201d, destacou Anderson.<br \/>\nSiga o Instagram do Blog pelo @blogdoedvaldomagalhaes<br \/>\nFoto: Divulga\u00e7\u00e3o<\/p>\n","protected":false},"excerpt":{"rendered":"<p>O vereador Anderson Correia (PP) segue cumprindo agendas fora dos limites de Caruaru. Ap\u00f3s ter visitado a regi\u00e3o da Mata&hellip;<\/p>\n","protected":false},"author":1,"featured_media":116899,"comment_status":"closed","ping_status":"open","sticky":false,"template":"","format":"standard","meta":{"footnotes":""},"categories":[14122],"tags":[32817,30592,27410,13146,28801,20],"class_list":["post-116898","post","type-post","status-publish","format-standard","has-post-thumbnail","hentry","category-politica","tag-anderson-correia-discute-politicas-publicas-com-protetores-no-ministerio-publico-em-gravata","tag-blog-com-mais-seguidores","tag-blog-de-caruaru","tag-blog-edvaldo-magalhaes","tag-blog-mais-acessado","tag-politica"],"_links":{"self":[{"href":"https:\/\/blogdoedvaldomagalhaes.com.br\/index.php\/wp-json\/wp\/v2\/posts\/116898","targetHints":{"allow":["GET"]}}],"collection":[{"href":"https:\/\/blogdoedvaldomagalhaes.com.br\/index.php\/wp-json\/wp\/v2\/posts"}],"about":[{"href":"https:\/\/blogdoedvaldomagalhaes.com.br\/index.php\/wp-json\/wp\/v2\/types\/post"}],"author":[{"embeddable":true,"href":"https:\/\/blogdoedvaldomagalhaes.com.br\/index.php\/wp-json\/wp\/v2\/users\/1"}],"replies":[{"embeddable":true,"href":"https:\/\/blogdoedvaldomagalhaes.com.br\/index.php\/wp-json\/wp\/v2\/comments?post=116898"}],"version-history":[{"count":1,"href":"https:\/\/blogdoedvaldomagalhaes.com.br\/index.php\/wp-json\/wp\/v2\/posts\/116898\/revisions"}],"predecessor-version":[{"id":116900,"href":"https:\/\/blogdoedvaldomagalhaes.com.br\/index.php\/wp-json\/wp\/v2\/posts\/116898\/revisions\/116900"}],"wp:featuredmedia":[{"embeddable":true,"href":"https:\/\/blogdoedvaldomagalhaes.com.br\/index.php\/wp-json\/wp\/v2\/media\/116899"}],"wp:attachment":[{"href":"https:\/\/blogdoedvaldomagalhaes.com.br\/index.php\/wp-json\/wp\/v2\/media?parent=116898"}],"wp:term":[{"taxonomy":"category","embeddable":true,"href":"https:\/\/blogdoedvaldomagalhaes.com.br\/index.php\/wp-json\/wp\/v2\/categories?post=116898"},{"taxonomy":"post_tag","embeddable":true,"href":"https:\/\/blogdoedvaldomagalhaes.com.br\/index.php\/wp-json\/wp\/v2\/tags?post=116898"}],"curies":[{"name":"wp","href":"https:\/\/api.w.org\/{rel}","templated":true}]}}