{"id":116895,"date":"2025-02-21T12:54:16","date_gmt":"2025-02-21T15:54:16","guid":{"rendered":"https:\/\/blogdoedvaldomagalhaes.com.br\/?p=116895"},"modified":"2025-02-21T12:54:16","modified_gmt":"2025-02-21T15:54:16","slug":"compesa-reune-moradores-da-rua-severino-felix-dos-santos-e-estabelece-prazo-para-pagamento-das-indenizacoes","status":"publish","type":"post","link":"https:\/\/blogdoedvaldomagalhaes.com.br\/index.php\/2025\/02\/21\/compesa-reune-moradores-da-rua-severino-felix-dos-santos-e-estabelece-prazo-para-pagamento-das-indenizacoes\/","title":{"rendered":"Compesa re\u00fane moradores da rua Severino F\u00e9lix dos Santos e estabelece prazo  para pagamento das indeniza\u00e7\u00f5es"},"content":{"rendered":"<p>_O ressarcimento dos preju\u00edzos decorrentes do rompimento da tubula\u00e7\u00e3o ser\u00e1 efetuado dia 28 de fevereiro e duas fam\u00edlias receber\u00e3o aux\u00edlio emergencial hoje (21)_<\/p>\n<p>Em reuni\u00e3o realizada ontem (20), na ger\u00eancia da Compesa, em Caruaru, com os moradores dos im\u00f3veis atingidos pelo rompimento de um trecho de adutora, na rua Severino F\u00e9lix dos Santos, bairro S\u00e3o Jo\u00e3o da Esc\u00f3cia, ocorrido no \u00faltimo domingo (16), a Companhia anunciou que todos os pagamentos referentes \u00e0s indeniza\u00e7\u00f5es ser\u00e3o efetuados at\u00e9 a pr\u00f3xima sexta-feira (28). Tamb\u00e9m ficou acordado que hoje (21) ser\u00e1 pago o aux\u00edlio emergencial, referente ao valor de um sal\u00e1rio m\u00ednimo, a cada uma das duas fam\u00edlias que apresentam maior vulnerabilidade.<\/p>\n<p>As reuni\u00f5es foram realizadas separadamente para que todos pudessem ouvir os detalhes referentes aos pagamentos dos aux\u00edlios emergenciais e do ressarcimento dos danos causados pela \u00e1gua em sigilo e, tamb\u00e9m, tirar todas as d\u00favidas sobre o cronograma do atendimento.<\/p>\n<p>Durante os encontros, que contou com a participa\u00e7\u00e3o do diretor Regional do Agreste da Compesa, Daniel Genu\u00edno; do gerente de Unidade de Neg\u00f3cio em Caruaru, Ant\u00f4nio Freire; e do gerente de Mobiliza\u00e7\u00e3o Social, Ant\u00f4nio Augusto, ficou estabelecido que os valores referentes ao ressarcimento dos danos materiais ser\u00e3o pagos de acordo com as avarias sofridas por cada im\u00f3vel e conforme per\u00edcia t\u00e9cnica realizada no dia posterior ao acidente.<\/p>\n<p>Elizabeth, que \u00e9 m\u00e3e de uma pessoa com defici\u00eancia (PCD), vai receber hoje o aux\u00edlio emergencial, colch\u00f5es  e fraldas descart\u00e1veis e, na pr\u00f3xima semana, o ressarcimento completo juntamente com os demais moradores.<\/p>\n<p>Silvanda Maria \u00e9 costureira com a m\u00e3e e explica que o \u00fanico c\u00f4modo atingido pelo jato de \u00e1gua foi o ateli\u00ea de costura que fica em um anexo separado da casa. As cinco m\u00e1quinas de costura que estavam no local foram danificadas, assim como a instala\u00e7\u00e3o el\u00e9trica e o telhado. \u201cAchei bem proveitosa a reuni\u00e3o, n\u00f3s vamos fazer or\u00e7amento do conserto das m\u00e1quinas que ser\u00e1 ressarcido, al\u00e9m do valor referente \u00e0 semana de trabalho da gente que tamb\u00e9m ser\u00e1 pago. N\u00f3s estamos muito impressionadas com o atendimento que nos foi dado pela equipe da Compesa\u201d, explica.<\/p>\n<p>\u201cN\u00f3s ouvimos cada um deles com total aten\u00e7\u00e3o, todos ficaram mais tranquilos com o comprometimento da Compesa diante da situa\u00e7\u00e3o e j\u00e1 sa\u00edram da reuni\u00e3o com todas as d\u00favidas esclarecidas e os prazos firmados. O aux\u00edlio emergencial ser\u00e1 pago a duas das seis fam\u00edlias atingidas, que s\u00e3o casos que demandam medidas urgentes\u201d, informou o gerente de Mobiliza\u00e7\u00e3o Social, Ant\u00f4nio S\u00e1.<\/p>\n<p>_Conclus\u00e3o dos servi\u00e7os_<\/p>\n<p>Al\u00e9m de finalizar a parte de substitui\u00e7\u00e3o da tubula\u00e7\u00e3o danificada, a Compesa finalizou as liga\u00e7\u00f5es de \u00e1gua e esgoto que foram danificadas, o fechamento das valas e o aterramento. A compacta\u00e7\u00e3o do solo teve in\u00edcio esta manh\u00e3. A previs\u00e3o \u00e9 que em at\u00e9 15 dias o pavimento seja finalizado.<br \/>\nSiga o Instagram do Blog pelo @blogdoedvaldomagalhaes<br \/>\nFoto: Divulga\u00e7\u00e3o\/Compesa<\/p>\n","protected":false},"excerpt":{"rendered":"<p>_O ressarcimento dos preju\u00edzos decorrentes do rompimento da tubula\u00e7\u00e3o ser\u00e1 efetuado dia 28 de fevereiro e duas fam\u00edlias receber\u00e3o aux\u00edlio&hellip;<\/p>\n","protected":false},"author":1,"featured_media":116896,"comment_status":"closed","ping_status":"open","sticky":false,"template":"","format":"standard","meta":{"footnotes":""},"categories":[14120],"tags":[28803,2,28801,32816],"class_list":["post-116895","post","type-post","status-publish","format-standard","has-post-thumbnail","hentry","category-noticias","tag-blog-com-mais-visualizacoes","tag-blog-do-edvaldo-magalhaes","tag-blog-mais-acessado","tag-compesa-reune-moradores-da-rua-severino-felix-dos-santos-e-estabelece-prazo-para-pagamento-das-indenizacoes"],"_links":{"self":[{"href":"https:\/\/blogdoedvaldomagalhaes.com.br\/index.php\/wp-json\/wp\/v2\/posts\/116895","targetHints":{"allow":["GET"]}}],"collection":[{"href":"https:\/\/blogdoedvaldomagalhaes.com.br\/index.php\/wp-json\/wp\/v2\/posts"}],"about":[{"href":"https:\/\/blogdoedvaldomagalhaes.com.br\/index.php\/wp-json\/wp\/v2\/types\/post"}],"author":[{"embeddable":true,"href":"https:\/\/blogdoedvaldomagalhaes.com.br\/index.php\/wp-json\/wp\/v2\/users\/1"}],"replies":[{"embeddable":true,"href":"https:\/\/blogdoedvaldomagalhaes.com.br\/index.php\/wp-json\/wp\/v2\/comments?post=116895"}],"version-history":[{"count":1,"href":"https:\/\/blogdoedvaldomagalhaes.com.br\/index.php\/wp-json\/wp\/v2\/posts\/116895\/revisions"}],"predecessor-version":[{"id":116897,"href":"https:\/\/blogdoedvaldomagalhaes.com.br\/index.php\/wp-json\/wp\/v2\/posts\/116895\/revisions\/116897"}],"wp:featuredmedia":[{"embeddable":true,"href":"https:\/\/blogdoedvaldomagalhaes.com.br\/index.php\/wp-json\/wp\/v2\/media\/116896"}],"wp:attachment":[{"href":"https:\/\/blogdoedvaldomagalhaes.com.br\/index.php\/wp-json\/wp\/v2\/media?parent=116895"}],"wp:term":[{"taxonomy":"category","embeddable":true,"href":"https:\/\/blogdoedvaldomagalhaes.com.br\/index.php\/wp-json\/wp\/v2\/categories?post=116895"},{"taxonomy":"post_tag","embeddable":true,"href":"https:\/\/blogdoedvaldomagalhaes.com.br\/index.php\/wp-json\/wp\/v2\/tags?post=116895"}],"curies":[{"name":"wp","href":"https:\/\/api.w.org\/{rel}","templated":true}]}}